{"id":11791,"date":"2012-11-30T20:09:45","date_gmt":"2012-11-30T19:09:45","guid":{"rendered":"http:\/\/thisismylife.nu\/?p=11791"},"modified":"2012-11-30T20:09:45","modified_gmt":"2012-11-30T19:09:45","slug":"saffransbullar-med-kesella-mandelmassa","status":"publish","type":"post","link":"https:\/\/blogg.improveme.se\/angiee\/2012\/11\/30\/saffransbullar-med-kesella-mandelmassa\/","title":{"rendered":"Saffransbullar med kesella &amp; mandelmassa"},"content":{"rendered":"<p><img loading=\"lazy\" decoding=\"async\" alt=\"\" src=\"http:\/\/finnasmat.files.wordpress.com\/2010\/11\/saffransbullar3.jpg?w=500&amp;h=324\" width=\"500\" height=\"324\" \/><\/p>\n<p>Jag har alltid tyckt att saffransbullar\/lussekatter \u00e4r torra och smakl\u00f6sa s\u00e5 f\u00f6rra best\u00e4mde jag mig f\u00f6r att g\u00f6ra goda och faftiga bullar, s\u00e5 nu t\u00e4nkte jag dela med mig utav detta recept till er mina k\u00e4ra l\u00e4sare.<\/p>\n<p>Ingredienser<\/p>\n<h3 id=\"ctl00_ctl07_ContentRegion_templates_innertemplates_onecolumn_ascx_1_ctl01_displayUnit_HeadingQuantity\">ca 60st<\/h3>\n<p>50 g j\u00e4st<\/p>\n<p>100 g Sm\u00f6r<\/p>\n<p>5 dl mj\u00f6lk<\/p>\n<p>250 g\u00a0 <a href=\"\/Default____15931.aspx?query=kesella\">Kesella<\/a> kvarg<\/p>\n<p>2 p\u00e5sar saffran, ca 1 g<\/p>\n<p>1 1\/2 dl socker<\/p>\n<p>1\/2 tsk salt ca<\/p>\n<p>17 dl vetemj\u00f6l<\/p>\n<p>400g mandelmassa<\/p>\n<p>russin<\/p>\n<p>1 \u00e4gg<\/p>\n<p>G\u00f6r s\u00e5 h\u00e4r<\/p>\n<div>Smula j\u00e4sten i en degbunke. Sm\u00e4lt sm\u00f6ret i en kastrull. Tills\u00e4tt mj\u00f6lken och v\u00e4rm till fingerv\u00e4rme, ca 37\u00b0. H\u00e4ll degspadet \u00f6ver j\u00e4sten. R\u00f6r om s\u00e5 att j\u00e4sten l\u00f6ser sig. Tills\u00e4tt kvarg, saffran, socker, salt och det mesta av mj\u00f6let. Arbeta degen tills den blir blank och smidig och sl\u00e4pper fr\u00e5n bunkens kanter. Tills\u00e4tt ev mera mj\u00f6l. L\u00e5t j\u00e4sa \u00f6vert\u00e4ckt ca 30 min. Baka ut degen till bullar (precis s\u00e5 som ni g\u00f6r kanelbullar). Baka in russinen i degen. Riv sen madelmassa \u00f6ver degen.\u00a0L\u00e4gg dem p\u00e5 smorda pl\u00e5tar. L\u00e5t j\u00e4sa 20-30 min. S\u00e4tt ugnen p\u00e5 225 grader. Pensla med uppvispat \u00e4gg. Gr\u00e4dda i mitten av ugnen 5-7 min. L\u00e5t svalna p\u00e5 galler under bakduk.<\/div>\n<div><\/div>\n<div><em><strong>-ENJOY<\/strong><\/em><\/div>\n","protected":false},"excerpt":{"rendered":"<p>Jag har alltid tyckt att saffransbullar\/lussekatter \u00e4r torra och smakl\u00f6sa s\u00e5 f\u00f6rra best\u00e4mde jag mig f\u00f6r att g\u00f6ra goda och faftiga bullar, s\u00e5 nu t\u00e4nkte jag dela med mig utav detta recept till er mina k\u00e4ra l\u00e4sare. Ingredienser ca 60st 50 g j\u00e4st 100 g Sm\u00f6r 5 dl mj\u00f6lk 250 g\u00a0 Kesella kvarg 2 p\u00e5sar &#8230; <a title=\"Saffransbullar med kesella &amp; mandelmassa\" class=\"read-more\" href=\"https:\/\/blogg.improveme.se\/angiee\/2012\/11\/30\/saffransbullar-med-kesella-mandelmassa\/\" aria-label=\"L\u00e4s mer om Saffransbullar med kesella &amp; mandelmassa\">L\u00e4s mer<\/a><\/p>\n","protected":false},"author":5725,"featured_media":0,"comment_status":"open","ping_status":"open","sticky":false,"template":"","format":"standard","meta":{"footnotes":""},"categories":[9],"tags":[215,596,646,868,901,597,598,902,903,599,904,905,30],"class_list":["post-11791","post","type-post","status-publish","format-standard","hentry","category-mat-bak","tag-bakning","tag-bullar","tag-jul","tag-julbak","tag-julmys","tag-kesella","tag-kvarg","tag-lussekatter","tag-madelmassa","tag-russin","tag-saffran","tag-saffransbullar","tag-svenskt"],"_links":{"self":[{"href":"https:\/\/blogg.improveme.se\/angiee\/wp-json\/wp\/v2\/posts\/11791","targetHints":{"allow":["GET"]}}],"collection":[{"href":"https:\/\/blogg.improveme.se\/angiee\/wp-json\/wp\/v2\/posts"}],"about":[{"href":"https:\/\/blogg.improveme.se\/angiee\/wp-json\/wp\/v2\/types\/post"}],"author":[{"embeddable":true,"href":"https:\/\/blogg.improveme.se\/angiee\/wp-json\/wp\/v2\/users\/5725"}],"replies":[{"embeddable":true,"href":"https:\/\/blogg.improveme.se\/angiee\/wp-json\/wp\/v2\/comments?post=11791"}],"version-history":[{"count":0,"href":"https:\/\/blogg.improveme.se\/angiee\/wp-json\/wp\/v2\/posts\/11791\/revisions"}],"wp:attachment":[{"href":"https:\/\/blogg.improveme.se\/angiee\/wp-json\/wp\/v2\/media?parent=11791"}],"wp:term":[{"taxonomy":"category","embeddable":true,"href":"https:\/\/blogg.improveme.se\/angiee\/wp-json\/wp\/v2\/categories?post=11791"},{"taxonomy":"post_tag","embeddable":true,"href":"https:\/\/blogg.improveme.se\/angiee\/wp-json\/wp\/v2\/tags?post=11791"}],"curies":[{"name":"wp","href":"https:\/\/api.w.org\/{rel}","templated":true}]}}