{"id":1030,"date":"2013-03-12T12:49:03","date_gmt":"2013-03-12T11:49:03","guid":{"rendered":"http:\/\/blogg.improveme.se\/annabeus\/?p=1030"},"modified":"2013-03-12T13:40:32","modified_gmt":"2013-03-12T12:40:32","slug":"inskrivna","status":"publish","type":"post","link":"https:\/\/blogg.improveme.se\/annabeus\/2013\/03\/12\/inskrivna\/","title":{"rendered":"Inskrivna"},"content":{"rendered":"<p>D\u00e5 \u00e4r hela familjen medlemmar p\u00e5 Sats. Fick mitt medlemskap idag och LillSkrutten skrev jag in p\u00e5 Minisats. Gick bort till sats stadion d\u00e4r de har minisats f\u00f6r att bara prova idag. LillSkrutten sov i 20 min, sedan vaknade han och ville bara ha mamma. S\u00e5 det blev en liten tr\u00e4ningsstund iaf. Det funkar inte riktigt att ha honom d\u00e4r om han inte sover \u00e4n, men om n\u00e5gon m\u00e5nad kommer han att tycka det \u00e4r supereoligt tror jag. De hade otroligt mycket leksaker och g\u00e5stolar osv. Men \u00e4n s\u00e5 l\u00e4nge f\u00e5r jag g\u00f6ra det b\u00e4sta av de minuters tr\u00e4ning som jag f\u00e5r. Skall disponera tiden lite b\u00e4ttre n\u00e4sta g\u00e5ng. Uppv\u00e4rmningen f\u00e5r bli promenaden dit och tr\u00e4ningsuppl\u00e4gget f\u00e5r jag g\u00f6ra klart hemma innan om jag inte bara tr\u00e4nings cyklar. I morgon skall vi g\u00e5 p\u00e5 strongmamma i morgon p\u00e5 Tule, d\u00e5 tar man med sig barnet in p\u00e5 klassen. Har \u00e4ven bokat in samma klass p\u00e5 stadion fredag, hoppas den \u00e4r bra.<\/p>\n<p><a href=\"http:\/\/blogg.improveme.se\/annabeus\/files\/2013\/03\/20130312-125611.jpg\"><img decoding=\"async\" src=\"http:\/\/blogg.improveme.se\/annabeus\/files\/2013\/03\/20130312-125611.jpg\" alt=\"20130312-125611.jpg\" class=\"alignnone size-full\" \/><\/a><\/p>\n","protected":false},"excerpt":{"rendered":"<p>D\u00e5 \u00e4r hela familjen medlemmar p\u00e5 Sats. Fick mitt medlemskap idag och LillSkrutten skrev jag in p\u00e5 Minisats. Gick bort till sats stadion d\u00e4r de har minisats f\u00f6r att bara prova idag. LillSkrutten sov i 20 min, sedan vaknade han och ville bara ha mamma. S\u00e5 det blev en liten tr\u00e4ningsstund iaf. Det funkar inte &#8230; <a title=\"Inskrivna\" class=\"read-more\" href=\"https:\/\/blogg.improveme.se\/annabeus\/2013\/03\/12\/inskrivna\/\" aria-label=\"L\u00e4s mer om Inskrivna\">L\u00e4s mer<\/a><\/p>\n","protected":false},"author":3698,"featured_media":0,"comment_status":"open","ping_status":"open","sticky":false,"template":"","format":"standard","meta":{"footnotes":""},"categories":[11],"tags":[],"class_list":["post-1030","post","type-post","status-publish","format-standard","hentry","category-utmaningen-del-2"],"_links":{"self":[{"href":"https:\/\/blogg.improveme.se\/annabeus\/wp-json\/wp\/v2\/posts\/1030","targetHints":{"allow":["GET"]}}],"collection":[{"href":"https:\/\/blogg.improveme.se\/annabeus\/wp-json\/wp\/v2\/posts"}],"about":[{"href":"https:\/\/blogg.improveme.se\/annabeus\/wp-json\/wp\/v2\/types\/post"}],"author":[{"embeddable":true,"href":"https:\/\/blogg.improveme.se\/annabeus\/wp-json\/wp\/v2\/users\/3698"}],"replies":[{"embeddable":true,"href":"https:\/\/blogg.improveme.se\/annabeus\/wp-json\/wp\/v2\/comments?post=1030"}],"version-history":[{"count":0,"href":"https:\/\/blogg.improveme.se\/annabeus\/wp-json\/wp\/v2\/posts\/1030\/revisions"}],"wp:attachment":[{"href":"https:\/\/blogg.improveme.se\/annabeus\/wp-json\/wp\/v2\/media?parent=1030"}],"wp:term":[{"taxonomy":"category","embeddable":true,"href":"https:\/\/blogg.improveme.se\/annabeus\/wp-json\/wp\/v2\/categories?post=1030"},{"taxonomy":"post_tag","embeddable":true,"href":"https:\/\/blogg.improveme.se\/annabeus\/wp-json\/wp\/v2\/tags?post=1030"}],"curies":[{"name":"wp","href":"https:\/\/api.w.org\/{rel}","templated":true}]}}