{"id":1262,"date":"2013-03-20T16:49:07","date_gmt":"2013-03-20T15:49:07","guid":{"rendered":"http:\/\/blogg.improveme.se\/annabeus\/?p=1262"},"modified":"2013-03-20T17:15:40","modified_gmt":"2013-03-20T16:15:40","slug":"epigastrica-brack","status":"publish","type":"post","link":"https:\/\/blogg.improveme.se\/annabeus\/2013\/03\/20\/epigastrica-brack\/","title":{"rendered":"Epigastrica br\u00e5ck"},"content":{"rendered":"<p>Jag fick f\u00f6r ca 6 \u00e5r sedan en liten kn\u00f6l som stack ut mitt p\u00e5 magen en bit ovanf\u00f6r naveln som idag \u00e4r ca 4x4cm. Det tog mig n\u00e4stan tre \u00e5r innan jag v\u00e5gade g\u00e5 och kolla var det var f\u00f6r n\u00e5got. Men n\u00e4r jag v\u00e4l v\u00e5gade fick jag veta att det var ett br\u00e5ck i Linea Alba. Str\u00e5ket som h\u00e5ller ihop de raka magmusklerna. De gjorde ett ultraljud och s\u00e5g att det inte var n\u00e5gon fara. Brocket sitter s\u00e5 pass h\u00f6gt upp att det inte \u00e4r n\u00e5gon fara att tarmarna skall fastna. Men jag fick iaf en remiss till en kirurg p\u00e5 ersta sjukhus av doktorn p\u00e5 MVC. S\u00e5 idag var jag d\u00e4r och tr\u00e4ffade honom. Han sade att de troligen kommer att s\u00e4tta in ett n\u00e4t som de g\u00f6r vid ljumskbrock men att jag m\u00e5ste v\u00e4nta tills jag f\u00e5tt de barn jag vill ha f\u00f6rst. Anledning \u00e4r att det troligen kommer att slitas upp i n\u00e4sta graviditet osv. Men direkt jag \u00e4r f\u00e4rdig s\u00e5 kan jag ringa till dem s\u00e5 ordnar de en operation eftersom jag har ont i brocket. Anledningen \u00e4r att fettv\u00e4vnad fastnar i utbuktningen.<br \/>\nJag hann tyv\u00e4rr inte med min Strongmama i f\u00f6rmiddags eftersom LillSkrutten var s\u00e5 ledsen och f\u00f6r att jag skulle till sjukhuset. Men det tar jag igen p\u00e5 fredag.<br \/>\nDet damp ner ett litet kit med decleor produkter i brevl\u00e5dan fr\u00e5n tidningen MAMA idag. Kanske dags f\u00f6r lite spa h\u00e4r hemma\u2764<\/p>\n<p><a href=\"http:\/\/blogg.improveme.se\/annabeus\/files\/2013\/03\/20130320-171243.jpg\"><img decoding=\"async\" src=\"http:\/\/blogg.improveme.se\/annabeus\/files\/2013\/03\/20130320-171243.jpg\" alt=\"20130320-171243.jpg\" class=\"alignnone size-full\" \/><\/a><\/p>\n","protected":false},"excerpt":{"rendered":"<p>Jag fick f\u00f6r ca 6 \u00e5r sedan en liten kn\u00f6l som stack ut mitt p\u00e5 magen en bit ovanf\u00f6r naveln som idag \u00e4r ca 4x4cm. Det tog mig n\u00e4stan tre \u00e5r innan jag v\u00e5gade g\u00e5 och kolla var det var f\u00f6r n\u00e5got. Men n\u00e4r jag v\u00e4l v\u00e5gade fick jag veta att det var ett br\u00e5ck &#8230; <a title=\"Epigastrica br\u00e5ck\" class=\"read-more\" href=\"https:\/\/blogg.improveme.se\/annabeus\/2013\/03\/20\/epigastrica-brack\/\" aria-label=\"L\u00e4s mer om Epigastrica br\u00e5ck\">L\u00e4s mer<\/a><\/p>\n","protected":false},"author":3698,"featured_media":0,"comment_status":"open","ping_status":"open","sticky":false,"template":"","format":"standard","meta":{"footnotes":""},"categories":[11],"tags":[],"class_list":["post-1262","post","type-post","status-publish","format-standard","hentry","category-utmaningen-del-2"],"_links":{"self":[{"href":"https:\/\/blogg.improveme.se\/annabeus\/wp-json\/wp\/v2\/posts\/1262","targetHints":{"allow":["GET"]}}],"collection":[{"href":"https:\/\/blogg.improveme.se\/annabeus\/wp-json\/wp\/v2\/posts"}],"about":[{"href":"https:\/\/blogg.improveme.se\/annabeus\/wp-json\/wp\/v2\/types\/post"}],"author":[{"embeddable":true,"href":"https:\/\/blogg.improveme.se\/annabeus\/wp-json\/wp\/v2\/users\/3698"}],"replies":[{"embeddable":true,"href":"https:\/\/blogg.improveme.se\/annabeus\/wp-json\/wp\/v2\/comments?post=1262"}],"version-history":[{"count":0,"href":"https:\/\/blogg.improveme.se\/annabeus\/wp-json\/wp\/v2\/posts\/1262\/revisions"}],"wp:attachment":[{"href":"https:\/\/blogg.improveme.se\/annabeus\/wp-json\/wp\/v2\/media?parent=1262"}],"wp:term":[{"taxonomy":"category","embeddable":true,"href":"https:\/\/blogg.improveme.se\/annabeus\/wp-json\/wp\/v2\/categories?post=1262"},{"taxonomy":"post_tag","embeddable":true,"href":"https:\/\/blogg.improveme.se\/annabeus\/wp-json\/wp\/v2\/tags?post=1262"}],"curies":[{"name":"wp","href":"https:\/\/api.w.org\/{rel}","templated":true}]}}