{"id":1442,"date":"2013-03-28T10:15:37","date_gmt":"2013-03-28T09:15:37","guid":{"rendered":"http:\/\/blogg.improveme.se\/annabeus\/?p=1442"},"modified":"2013-03-28T10:26:58","modified_gmt":"2013-03-28T09:26:58","slug":"fjallen-och-bootcamp","status":"publish","type":"post","link":"https:\/\/blogg.improveme.se\/annabeus\/2013\/03\/28\/fjallen-och-bootcamp\/","title":{"rendered":"Fj\u00e4llen och Bootcamp"},"content":{"rendered":"<p><a href=\"http:\/\/blogg.improveme.se\/annabeus\/files\/2013\/03\/20130328-102556.jpg\"><img decoding=\"async\" src=\"http:\/\/blogg.improveme.se\/annabeus\/files\/2013\/03\/20130328-102556.jpg\" alt=\"20130328-102556.jpg\" class=\"alignnone size-full\" \/><\/a><br \/>\nNu ni h\u00e4nder det mycket. I fredags gick jag och LillSkrutten ut till Balance Solna f\u00f6r m\u00f6te om Balance Bootcamp. J\u00e4klar vilket roligt och effektiv tr\u00e4ningspass det kommer att bli. Tro mig detta \u00e4r inte v\u00e4rt att missa!!!<br \/>\nSedan i l\u00f6rdag s\u00e5 bar det av upp till Mora och i S\u00f6ndags vidare upp till Lindvallen S\u00e4len. Vi har haft fyra helt underbara dagar med Superfint v\u00e4der och MASSA god mat. Tror jag har g\u00e5tt upp minst tre kilo. Men det tr\u00e4nar vi bort igen n\u00e4r vi \u00e4r tillbaka i Stockholm. Nu \u00e4r det P\u00e5sk och bi skall passa p\u00e5 att njuta lite till innan vardagen \u00e4r tillbaka. Glad P\u00e5sk p\u00e5 er alla!!<\/p>\n<p><a href=\"http:\/\/blogg.improveme.se\/annabeus\/files\/2013\/03\/20130328-102122.jpg\"><img decoding=\"async\" src=\"http:\/\/blogg.improveme.se\/annabeus\/files\/2013\/03\/20130328-102122.jpg\" alt=\"20130328-102122.jpg\" class=\"alignnone size-full\" \/><\/a><\/p>\n<p><a href=\"http:\/\/blogg.improveme.se\/annabeus\/files\/2013\/03\/20130328-102619.jpg\"><img decoding=\"async\" src=\"http:\/\/blogg.improveme.se\/annabeus\/files\/2013\/03\/20130328-102619.jpg\" alt=\"20130328-102619.jpg\" class=\"alignnone size-full\" \/><\/a><\/p>\n","protected":false},"excerpt":{"rendered":"<p>Nu ni h\u00e4nder det mycket. I fredags gick jag och LillSkrutten ut till Balance Solna f\u00f6r m\u00f6te om Balance Bootcamp. J\u00e4klar vilket roligt och effektiv tr\u00e4ningspass det kommer att bli. Tro mig detta \u00e4r inte v\u00e4rt att missa!!! Sedan i l\u00f6rdag s\u00e5 bar det av upp till Mora och i S\u00f6ndags vidare upp till Lindvallen &#8230; <a title=\"Fj\u00e4llen och Bootcamp\" class=\"read-more\" href=\"https:\/\/blogg.improveme.se\/annabeus\/2013\/03\/28\/fjallen-och-bootcamp\/\" aria-label=\"L\u00e4s mer om Fj\u00e4llen och Bootcamp\">L\u00e4s mer<\/a><\/p>\n","protected":false},"author":3698,"featured_media":0,"comment_status":"open","ping_status":"open","sticky":false,"template":"","format":"standard","meta":{"footnotes":""},"categories":[11],"tags":[],"class_list":["post-1442","post","type-post","status-publish","format-standard","hentry","category-utmaningen-del-2"],"_links":{"self":[{"href":"https:\/\/blogg.improveme.se\/annabeus\/wp-json\/wp\/v2\/posts\/1442","targetHints":{"allow":["GET"]}}],"collection":[{"href":"https:\/\/blogg.improveme.se\/annabeus\/wp-json\/wp\/v2\/posts"}],"about":[{"href":"https:\/\/blogg.improveme.se\/annabeus\/wp-json\/wp\/v2\/types\/post"}],"author":[{"embeddable":true,"href":"https:\/\/blogg.improveme.se\/annabeus\/wp-json\/wp\/v2\/users\/3698"}],"replies":[{"embeddable":true,"href":"https:\/\/blogg.improveme.se\/annabeus\/wp-json\/wp\/v2\/comments?post=1442"}],"version-history":[{"count":0,"href":"https:\/\/blogg.improveme.se\/annabeus\/wp-json\/wp\/v2\/posts\/1442\/revisions"}],"wp:attachment":[{"href":"https:\/\/blogg.improveme.se\/annabeus\/wp-json\/wp\/v2\/media?parent=1442"}],"wp:term":[{"taxonomy":"category","embeddable":true,"href":"https:\/\/blogg.improveme.se\/annabeus\/wp-json\/wp\/v2\/categories?post=1442"},{"taxonomy":"post_tag","embeddable":true,"href":"https:\/\/blogg.improveme.se\/annabeus\/wp-json\/wp\/v2\/tags?post=1442"}],"curies":[{"name":"wp","href":"https:\/\/api.w.org\/{rel}","templated":true}]}}