{"id":1515,"date":"2013-04-02T15:49:06","date_gmt":"2013-04-02T14:49:06","guid":{"rendered":"http:\/\/blogg.improveme.se\/annabeus\/?p=1515"},"modified":"2013-04-02T16:00:32","modified_gmt":"2013-04-02T15:00:32","slug":"underbara-hem","status":"publish","type":"post","link":"https:\/\/blogg.improveme.se\/annabeus\/2013\/04\/02\/underbara-hem\/","title":{"rendered":"Underbara hem"},"content":{"rendered":"<p>Underbart att f\u00e5 vara hemma i Stockholm och v\u00e5r underbara l\u00e4genhet igen. Har plockat, st\u00e4dat, tagit l\u00e5ngpromenad, kort promenad och bara njutit hela dagen. <\/p>\n<p><a href=\"http:\/\/blogg.improveme.se\/annabeus\/files\/2013\/04\/20130402-165738.jpg\"><img decoding=\"async\" src=\"http:\/\/blogg.improveme.se\/annabeus\/files\/2013\/04\/20130402-165738.jpg\" alt=\"20130402-165738.jpg\" class=\"alignnone size-full\" \/><\/a><\/p>\n<p><a href=\"http:\/\/blogg.improveme.se\/annabeus\/files\/2013\/04\/20130402-165751.jpg\"><img decoding=\"async\" src=\"http:\/\/blogg.improveme.se\/annabeus\/files\/2013\/04\/20130402-165751.jpg\" alt=\"20130402-165751.jpg\" class=\"alignnone size-full\" \/><\/a><br \/>\nVeckans tr\u00e4ningspass \u00e4r inbokade s\u00e5 det \u00e4r bara att hoppas att jag f\u00e5r plats p\u00e5 klasserna annars f\u00e5r jag hoppas p\u00e5 lite egen gymtr\u00e4ning. Men lite tr\u00e4ning skall jag hinna denna veckan.<br \/>\nSen \u00e4r det ocks\u00e5 dags f\u00f6r det f\u00f6rsta Balance bootcamp passet p\u00e5 torsdag f\u00f6r mig. Ser verkligen fram mot det. Kommer bli s\u00e5 otroligt roligt!!!!<\/p>\n","protected":false},"excerpt":{"rendered":"<p>Underbart att f\u00e5 vara hemma i Stockholm och v\u00e5r underbara l\u00e4genhet igen. Har plockat, st\u00e4dat, tagit l\u00e5ngpromenad, kort promenad och bara njutit hela dagen. Veckans tr\u00e4ningspass \u00e4r inbokade s\u00e5 det \u00e4r bara att hoppas att jag f\u00e5r plats p\u00e5 klasserna annars f\u00e5r jag hoppas p\u00e5 lite egen gymtr\u00e4ning. Men lite tr\u00e4ning skall jag hinna denna &#8230; <a title=\"Underbara hem\" class=\"read-more\" href=\"https:\/\/blogg.improveme.se\/annabeus\/2013\/04\/02\/underbara-hem\/\" aria-label=\"L\u00e4s mer om Underbara hem\">L\u00e4s mer<\/a><\/p>\n","protected":false},"author":3698,"featured_media":0,"comment_status":"open","ping_status":"open","sticky":false,"template":"","format":"standard","meta":{"footnotes":""},"categories":[11],"tags":[],"class_list":["post-1515","post","type-post","status-publish","format-standard","hentry","category-utmaningen-del-2"],"_links":{"self":[{"href":"https:\/\/blogg.improveme.se\/annabeus\/wp-json\/wp\/v2\/posts\/1515","targetHints":{"allow":["GET"]}}],"collection":[{"href":"https:\/\/blogg.improveme.se\/annabeus\/wp-json\/wp\/v2\/posts"}],"about":[{"href":"https:\/\/blogg.improveme.se\/annabeus\/wp-json\/wp\/v2\/types\/post"}],"author":[{"embeddable":true,"href":"https:\/\/blogg.improveme.se\/annabeus\/wp-json\/wp\/v2\/users\/3698"}],"replies":[{"embeddable":true,"href":"https:\/\/blogg.improveme.se\/annabeus\/wp-json\/wp\/v2\/comments?post=1515"}],"version-history":[{"count":0,"href":"https:\/\/blogg.improveme.se\/annabeus\/wp-json\/wp\/v2\/posts\/1515\/revisions"}],"wp:attachment":[{"href":"https:\/\/blogg.improveme.se\/annabeus\/wp-json\/wp\/v2\/media?parent=1515"}],"wp:term":[{"taxonomy":"category","embeddable":true,"href":"https:\/\/blogg.improveme.se\/annabeus\/wp-json\/wp\/v2\/categories?post=1515"},{"taxonomy":"post_tag","embeddable":true,"href":"https:\/\/blogg.improveme.se\/annabeus\/wp-json\/wp\/v2\/tags?post=1515"}],"curies":[{"name":"wp","href":"https:\/\/api.w.org\/{rel}","templated":true}]}}