{"id":1597,"date":"2013-04-12T15:02:42","date_gmt":"2013-04-12T14:02:42","guid":{"rendered":"http:\/\/blogg.improveme.se\/annabeus\/?p=1597"},"modified":"2013-04-12T15:02:42","modified_gmt":"2013-04-12T14:02:42","slug":"smakprov","status":"publish","type":"post","link":"https:\/\/blogg.improveme.se\/annabeus\/2013\/04\/12\/smakprov\/","title":{"rendered":"Smakprov"},"content":{"rendered":"<p>I morgon \u00e4r det dags f\u00f6r f\u00f6rsta smakprovet p\u00e5 mat. En halv tesked till frukosten skall han f\u00e5 av sin pappa. Kommer att bli j\u00e4tte roligt att f\u00e5 se hur han reagerar. \u00c4n s\u00e5 l\u00e4nge har han bara f\u00e5tt miniform och D-vitaminerna p\u00e5 sked och miniform bara kastar han i sig. Men samtidigt \u00e4r jag lite nerv\u00f6s. Vi skall p\u00e5 Mammagrupp p\u00e5 tisdag och d\u00e5 kommer en dietist. K\u00e4nns bra att f\u00e5 veta lite mer. Vill verkligen inte ge honom &#8221;fel&#8221; saker. Skulle ha f\u00e5tt en matbok av min BVCtant men hon \u00e4r s\u00e5 snurrig s\u00e5 det har jag ju inte f\u00e5tt&#8230; Skall se om jag kan komma \u00f6ver en p\u00e5 tisdag.<br \/>\nAnnars s\u00e5 \u00e4r det fredag s\u00e5 vi var p\u00e5 Strongmama i f\u00f6rmiddags. LillSkrutten uppf\u00f6rde sig mycket bra. Han tycker det \u00e4r super sp\u00e4nnande att titta p\u00e5 alla andra bebisar och deras mammor. Mer tr\u00e4ning f\u00f6r mig s\u00e5 l\u00e4nge han kan roa sig med det. I morgon skall jag g\u00e5 p\u00e5 mitt f\u00f6rsta yogalates. K\u00e4nner att jag beh\u00f6ver lite lugn tr\u00e4ning ocks\u00e5.<\/p>\n<p><a href=\"http:\/\/blogg.improveme.se\/annabeus\/files\/2013\/04\/20130412-160126.jpg\"><img decoding=\"async\" src=\"http:\/\/blogg.improveme.se\/annabeus\/files\/2013\/04\/20130412-160126.jpg\" alt=\"20130412-160126.jpg\" class=\"alignnone size-full\" \/><\/a><\/p>\n","protected":false},"excerpt":{"rendered":"<p>I morgon \u00e4r det dags f\u00f6r f\u00f6rsta smakprovet p\u00e5 mat. En halv tesked till frukosten skall han f\u00e5 av sin pappa. Kommer att bli j\u00e4tte roligt att f\u00e5 se hur han reagerar. \u00c4n s\u00e5 l\u00e4nge har han bara f\u00e5tt miniform och D-vitaminerna p\u00e5 sked och miniform bara kastar han i sig. Men samtidigt \u00e4r jag &#8230; <a title=\"Smakprov\" class=\"read-more\" href=\"https:\/\/blogg.improveme.se\/annabeus\/2013\/04\/12\/smakprov\/\" aria-label=\"L\u00e4s mer om Smakprov\">L\u00e4s mer<\/a><\/p>\n","protected":false},"author":3698,"featured_media":0,"comment_status":"open","ping_status":"open","sticky":false,"template":"","format":"standard","meta":{"footnotes":""},"categories":[11],"tags":[],"class_list":["post-1597","post","type-post","status-publish","format-standard","hentry","category-utmaningen-del-2"],"_links":{"self":[{"href":"https:\/\/blogg.improveme.se\/annabeus\/wp-json\/wp\/v2\/posts\/1597","targetHints":{"allow":["GET"]}}],"collection":[{"href":"https:\/\/blogg.improveme.se\/annabeus\/wp-json\/wp\/v2\/posts"}],"about":[{"href":"https:\/\/blogg.improveme.se\/annabeus\/wp-json\/wp\/v2\/types\/post"}],"author":[{"embeddable":true,"href":"https:\/\/blogg.improveme.se\/annabeus\/wp-json\/wp\/v2\/users\/3698"}],"replies":[{"embeddable":true,"href":"https:\/\/blogg.improveme.se\/annabeus\/wp-json\/wp\/v2\/comments?post=1597"}],"version-history":[{"count":0,"href":"https:\/\/blogg.improveme.se\/annabeus\/wp-json\/wp\/v2\/posts\/1597\/revisions"}],"wp:attachment":[{"href":"https:\/\/blogg.improveme.se\/annabeus\/wp-json\/wp\/v2\/media?parent=1597"}],"wp:term":[{"taxonomy":"category","embeddable":true,"href":"https:\/\/blogg.improveme.se\/annabeus\/wp-json\/wp\/v2\/categories?post=1597"},{"taxonomy":"post_tag","embeddable":true,"href":"https:\/\/blogg.improveme.se\/annabeus\/wp-json\/wp\/v2\/tags?post=1597"}],"curies":[{"name":"wp","href":"https:\/\/api.w.org\/{rel}","templated":true}]}}