{"id":1612,"date":"2013-04-18T13:52:33","date_gmt":"2013-04-18T12:52:33","guid":{"rendered":"http:\/\/blogg.improveme.se\/annabeus\/?p=1612"},"modified":"2013-04-18T13:52:33","modified_gmt":"2013-04-18T12:52:33","slug":"stannar-inne","status":"publish","type":"post","link":"https:\/\/blogg.improveme.se\/annabeus\/2013\/04\/18\/stannar-inne\/","title":{"rendered":"Stannar inne"},"content":{"rendered":"<p>Fy vilket tr\u00e5kigt v\u00e4der. Idag blir det ingen extra promenad. Det f\u00e5r r\u00e4cka med att g\u00e5 ner till greveturegatan och l\u00e4mna LillSkrutten till Mattias f\u00f6r att dra vidare och k\u00f6ra bootcamp i Humleg\u00e5rden f\u00f6r Balance.<br \/>\nMen har f\u00e5tt en hel del gjort idag iaf. St\u00e4dat ur min garderob<\/p>\n<p><a href=\"http:\/\/blogg.improveme.se\/annabeus\/files\/2013\/04\/20130418-144825.jpg\"><img decoding=\"async\" src=\"http:\/\/blogg.improveme.se\/annabeus\/files\/2013\/04\/20130418-144825.jpg\" alt=\"20130418-144825.jpg\" class=\"alignnone size-full\" \/><\/a><br \/>\nPillar lite med symaskinen. Skall sy kuddar och lite s\u00e5dant till uteplatsen. Men tyv\u00e4rr vill inte symaskinen fungera som jag vill.<\/p>\n<p><a href=\"http:\/\/blogg.improveme.se\/annabeus\/files\/2013\/04\/20130418-145006.jpg\"><img decoding=\"async\" src=\"http:\/\/blogg.improveme.se\/annabeus\/files\/2013\/04\/20130418-145006.jpg\" alt=\"20130418-145006.jpg\" class=\"alignnone size-full\" \/><\/a><br \/>\nSen han jag \u00e4ven med att fixa till t\u00e5naglarna\u2764<\/p>\n<p><a href=\"http:\/\/blogg.improveme.se\/annabeus\/files\/2013\/04\/20130418-145053.jpg\"><img decoding=\"async\" src=\"http:\/\/blogg.improveme.se\/annabeus\/files\/2013\/04\/20130418-145053.jpg\" alt=\"20130418-145053.jpg\" class=\"alignnone size-full\" \/><\/a><br \/>\nLillSkrutten har varit lugn och l\u00e4ttroad idag till min lycka.<\/p>\n","protected":false},"excerpt":{"rendered":"<p>Fy vilket tr\u00e5kigt v\u00e4der. Idag blir det ingen extra promenad. Det f\u00e5r r\u00e4cka med att g\u00e5 ner till greveturegatan och l\u00e4mna LillSkrutten till Mattias f\u00f6r att dra vidare och k\u00f6ra bootcamp i Humleg\u00e5rden f\u00f6r Balance. Men har f\u00e5tt en hel del gjort idag iaf. St\u00e4dat ur min garderob Pillar lite med symaskinen. Skall sy kuddar &#8230; <a title=\"Stannar inne\" class=\"read-more\" href=\"https:\/\/blogg.improveme.se\/annabeus\/2013\/04\/18\/stannar-inne\/\" aria-label=\"L\u00e4s mer om Stannar inne\">L\u00e4s mer<\/a><\/p>\n","protected":false},"author":3698,"featured_media":0,"comment_status":"open","ping_status":"open","sticky":false,"template":"","format":"standard","meta":{"footnotes":""},"categories":[11],"tags":[],"class_list":["post-1612","post","type-post","status-publish","format-standard","hentry","category-utmaningen-del-2"],"_links":{"self":[{"href":"https:\/\/blogg.improveme.se\/annabeus\/wp-json\/wp\/v2\/posts\/1612","targetHints":{"allow":["GET"]}}],"collection":[{"href":"https:\/\/blogg.improveme.se\/annabeus\/wp-json\/wp\/v2\/posts"}],"about":[{"href":"https:\/\/blogg.improveme.se\/annabeus\/wp-json\/wp\/v2\/types\/post"}],"author":[{"embeddable":true,"href":"https:\/\/blogg.improveme.se\/annabeus\/wp-json\/wp\/v2\/users\/3698"}],"replies":[{"embeddable":true,"href":"https:\/\/blogg.improveme.se\/annabeus\/wp-json\/wp\/v2\/comments?post=1612"}],"version-history":[{"count":0,"href":"https:\/\/blogg.improveme.se\/annabeus\/wp-json\/wp\/v2\/posts\/1612\/revisions"}],"wp:attachment":[{"href":"https:\/\/blogg.improveme.se\/annabeus\/wp-json\/wp\/v2\/media?parent=1612"}],"wp:term":[{"taxonomy":"category","embeddable":true,"href":"https:\/\/blogg.improveme.se\/annabeus\/wp-json\/wp\/v2\/categories?post=1612"},{"taxonomy":"post_tag","embeddable":true,"href":"https:\/\/blogg.improveme.se\/annabeus\/wp-json\/wp\/v2\/tags?post=1612"}],"curies":[{"name":"wp","href":"https:\/\/api.w.org\/{rel}","templated":true}]}}