{"id":1619,"date":"2013-04-23T15:20:17","date_gmt":"2013-04-23T14:20:17","guid":{"rendered":"http:\/\/blogg.improveme.se\/annabeus\/?p=1619"},"modified":"2013-04-23T15:21:04","modified_gmt":"2013-04-23T14:21:04","slug":"slut-i-kroppen-och-knoppen","status":"publish","type":"post","link":"https:\/\/blogg.improveme.se\/annabeus\/2013\/04\/23\/slut-i-kroppen-och-knoppen\/","title":{"rendered":"Slut i kroppen och knoppen"},"content":{"rendered":"<p>Vilken h\u00e4rligt snurrig dag, eller inte. Har k\u00e4nt mig som om jag vore bakis i huvudet. H\u00e4nger liksom inte alls med p\u00e5 vad som h\u00e4nder runt omkring mig. Skulle ha kallat det amningshj\u00e4rna om det inte vore s\u00e5 att det \u00e4r f\u00f6rsta g\u00e5ngen jag k\u00e4nner mig s\u00e5 h\u00e4r. Kanske blev lite f\u00f6r mycket ig\u00e5r med b\u00e5de Strongmama tr\u00e4ning och 1,5h promenad i Haga och f\u00f6r lite s\u00f6mn&#8230;<br \/>\nJa ja, f\u00e5r ta och vila kroppen lite nu d\u00e5 ist.<br \/>\nSitter \u00e4nd\u00e5 och funderar \u00f6ver framtiden och vad jag vill\u2764<\/p>\n<p><a href=\"http:\/\/blogg.improveme.se\/annabeus\/files\/2013\/04\/20130423-161952.jpg\"><img decoding=\"async\" src=\"http:\/\/blogg.improveme.se\/annabeus\/files\/2013\/04\/20130423-161952.jpg\" alt=\"20130423-161952.jpg\" class=\"alignnone size-full\" \/><\/a><\/p>\n","protected":false},"excerpt":{"rendered":"<p>Vilken h\u00e4rligt snurrig dag, eller inte. Har k\u00e4nt mig som om jag vore bakis i huvudet. H\u00e4nger liksom inte alls med p\u00e5 vad som h\u00e4nder runt omkring mig. Skulle ha kallat det amningshj\u00e4rna om det inte vore s\u00e5 att det \u00e4r f\u00f6rsta g\u00e5ngen jag k\u00e4nner mig s\u00e5 h\u00e4r. Kanske blev lite f\u00f6r mycket ig\u00e5r med &#8230; <a title=\"Slut i kroppen och knoppen\" class=\"read-more\" href=\"https:\/\/blogg.improveme.se\/annabeus\/2013\/04\/23\/slut-i-kroppen-och-knoppen\/\" aria-label=\"L\u00e4s mer om Slut i kroppen och knoppen\">L\u00e4s mer<\/a><\/p>\n","protected":false},"author":3698,"featured_media":0,"comment_status":"open","ping_status":"open","sticky":false,"template":"","format":"standard","meta":{"footnotes":""},"categories":[11],"tags":[],"class_list":["post-1619","post","type-post","status-publish","format-standard","hentry","category-utmaningen-del-2"],"_links":{"self":[{"href":"https:\/\/blogg.improveme.se\/annabeus\/wp-json\/wp\/v2\/posts\/1619","targetHints":{"allow":["GET"]}}],"collection":[{"href":"https:\/\/blogg.improveme.se\/annabeus\/wp-json\/wp\/v2\/posts"}],"about":[{"href":"https:\/\/blogg.improveme.se\/annabeus\/wp-json\/wp\/v2\/types\/post"}],"author":[{"embeddable":true,"href":"https:\/\/blogg.improveme.se\/annabeus\/wp-json\/wp\/v2\/users\/3698"}],"replies":[{"embeddable":true,"href":"https:\/\/blogg.improveme.se\/annabeus\/wp-json\/wp\/v2\/comments?post=1619"}],"version-history":[{"count":0,"href":"https:\/\/blogg.improveme.se\/annabeus\/wp-json\/wp\/v2\/posts\/1619\/revisions"}],"wp:attachment":[{"href":"https:\/\/blogg.improveme.se\/annabeus\/wp-json\/wp\/v2\/media?parent=1619"}],"wp:term":[{"taxonomy":"category","embeddable":true,"href":"https:\/\/blogg.improveme.se\/annabeus\/wp-json\/wp\/v2\/categories?post=1619"},{"taxonomy":"post_tag","embeddable":true,"href":"https:\/\/blogg.improveme.se\/annabeus\/wp-json\/wp\/v2\/tags?post=1619"}],"curies":[{"name":"wp","href":"https:\/\/api.w.org\/{rel}","templated":true}]}}