{"id":1623,"date":"2013-04-24T11:26:04","date_gmt":"2013-04-24T10:26:04","guid":{"rendered":"http:\/\/blogg.improveme.se\/annabeus\/?p=1623"},"modified":"2013-04-24T11:26:05","modified_gmt":"2013-04-24T10:26:05","slug":"innan-graviditeten-jeansen","status":"publish","type":"post","link":"https:\/\/blogg.improveme.se\/annabeus\/2013\/04\/24\/innan-graviditeten-jeansen\/","title":{"rendered":"Innan graviditeten jeansen"},"content":{"rendered":"<p>\u00c4ntligen sitter min jeans som jag hade innan graviditeten som ett sm\u00e4ck. K\u00e4nns verkligen h\u00e4rligt att vara tillbaka i min garderob igen. \u00c4ven om jag hade tur och inte b\u00f6rjade g\u00e5 upp i vikt f\u00f6r \u00e4n vecka 24-25. Men det gick fort sedan s\u00e5 har nu g\u00e5tt ner n\u00e4stan 17kg p\u00e5 fyra och en halv m\u00e5nad.<br \/>\nVill till l\u00e4gga att jag absolut inte har bantat eller t\u00e4nkt speciellt mycket p\u00e5 vad jag \u00e4tit. Nu har jag en speciell kost pga allergier och intolerans. Men det som har gjort det \u00e5t mig \u00e4r alla promenader och att jag kunde komma ig\u00e5ng med tr\u00e4ningen som jag gjort\u2764<br \/>\nAlla har vi olika kroppar men en sak som jag tyckte var bra \u00e4r att jag aldrig under hela graviditeten n\u00e5gonsin t\u00e4nkte att jag \u00e5t f\u00f6r tv\u00e5 eller tanken &#8221;jag f\u00e5r f\u00f6r jag \u00e4r gravid&#8221;. Samma tankes\u00e4tt nu n\u00e4r jag ammar. Vist \u00e4ter jag det jag \u00e4r sugen p\u00e5 men i m\u00e5tta med allt gottis! <\/p>\n<p><a href=\"http:\/\/blogg.improveme.se\/annabeus\/files\/2013\/04\/20130424-122407.jpg\"><img decoding=\"async\" src=\"http:\/\/blogg.improveme.se\/annabeus\/files\/2013\/04\/20130424-122407.jpg\" alt=\"20130424-122407.jpg\" class=\"alignnone size-full\" \/><\/a><\/p>\n","protected":false},"excerpt":{"rendered":"<p>\u00c4ntligen sitter min jeans som jag hade innan graviditeten som ett sm\u00e4ck. K\u00e4nns verkligen h\u00e4rligt att vara tillbaka i min garderob igen. \u00c4ven om jag hade tur och inte b\u00f6rjade g\u00e5 upp i vikt f\u00f6r \u00e4n vecka 24-25. Men det gick fort sedan s\u00e5 har nu g\u00e5tt ner n\u00e4stan 17kg p\u00e5 fyra och en halv &#8230; <a title=\"Innan graviditeten jeansen\" class=\"read-more\" href=\"https:\/\/blogg.improveme.se\/annabeus\/2013\/04\/24\/innan-graviditeten-jeansen\/\" aria-label=\"L\u00e4s mer om Innan graviditeten jeansen\">L\u00e4s mer<\/a><\/p>\n","protected":false},"author":3698,"featured_media":0,"comment_status":"open","ping_status":"open","sticky":false,"template":"","format":"standard","meta":{"footnotes":""},"categories":[11],"tags":[],"class_list":["post-1623","post","type-post","status-publish","format-standard","hentry","category-utmaningen-del-2"],"_links":{"self":[{"href":"https:\/\/blogg.improveme.se\/annabeus\/wp-json\/wp\/v2\/posts\/1623","targetHints":{"allow":["GET"]}}],"collection":[{"href":"https:\/\/blogg.improveme.se\/annabeus\/wp-json\/wp\/v2\/posts"}],"about":[{"href":"https:\/\/blogg.improveme.se\/annabeus\/wp-json\/wp\/v2\/types\/post"}],"author":[{"embeddable":true,"href":"https:\/\/blogg.improveme.se\/annabeus\/wp-json\/wp\/v2\/users\/3698"}],"replies":[{"embeddable":true,"href":"https:\/\/blogg.improveme.se\/annabeus\/wp-json\/wp\/v2\/comments?post=1623"}],"version-history":[{"count":0,"href":"https:\/\/blogg.improveme.se\/annabeus\/wp-json\/wp\/v2\/posts\/1623\/revisions"}],"wp:attachment":[{"href":"https:\/\/blogg.improveme.se\/annabeus\/wp-json\/wp\/v2\/media?parent=1623"}],"wp:term":[{"taxonomy":"category","embeddable":true,"href":"https:\/\/blogg.improveme.se\/annabeus\/wp-json\/wp\/v2\/categories?post=1623"},{"taxonomy":"post_tag","embeddable":true,"href":"https:\/\/blogg.improveme.se\/annabeus\/wp-json\/wp\/v2\/tags?post=1623"}],"curies":[{"name":"wp","href":"https:\/\/api.w.org\/{rel}","templated":true}]}}