{"id":1641,"date":"2013-05-03T12:17:34","date_gmt":"2013-05-03T11:17:34","guid":{"rendered":"http:\/\/blogg.improveme.se\/annabeus\/?p=1641"},"modified":"2013-05-03T12:17:34","modified_gmt":"2013-05-03T11:17:34","slug":"helgens-traning","status":"publish","type":"post","link":"https:\/\/blogg.improveme.se\/annabeus\/2013\/05\/03\/helgens-traning\/","title":{"rendered":"Helgens tr\u00e4ning"},"content":{"rendered":"<p><a href=\"http:\/\/blogg.improveme.se\/annabeus\/files\/2013\/05\/20130503-074207.jpg\"><img decoding=\"async\" src=\"http:\/\/blogg.improveme.se\/annabeus\/files\/2013\/05\/20130503-074207.jpg\" alt=\"20130503-074207.jpg\" class=\"alignnone size-full\" \/><\/a><br \/>\nS\u00e5 h\u00e4r blir helgens tr\u00e4ning. Skall bli j\u00e4tte sp\u00e4nnande att prova GRIT-strength nu idag p\u00e5 stadion. Jag tror att det kommer att vara sjukt intensiva 30min.<br \/>\nMen f\u00f6rst skall vi till BVC med LillSkrutten f\u00f6r v\u00e4gning och m\u00e4tning samt vaccination del 2. Stackars liten\u2764<\/p>\n<p>N\u00e4r man tror att allt \u00e4r planerat d\u00e5 \u00e4ndras det iaf. Ingen GRIT-strength f\u00f6r mig idag. Ville inte l\u00e4mna in LillSkrutten om han skulle f\u00e5 feber eller bli d\u00e5lig efter vaccinationen. S\u00e5 det blev en 1,5h l\u00e5ng promenad p\u00e5 Djurg\u00e5rden. Det blir egen tr\u00e4ning ist i eftermiddag n\u00e4r Mattias kommit hem.<\/p>\n<p><a href=\"http:\/\/blogg.improveme.se\/annabeus\/files\/2013\/05\/20130503-125824.jpg\"><img decoding=\"async\" src=\"http:\/\/blogg.improveme.se\/annabeus\/files\/2013\/05\/20130503-125824.jpg\" alt=\"20130503-125824.jpg\" class=\"alignnone size-full\" \/><\/a><\/p>\n<p><a href=\"http:\/\/blogg.improveme.se\/annabeus\/files\/2013\/05\/20130503-125839.jpg\"><img decoding=\"async\" src=\"http:\/\/blogg.improveme.se\/annabeus\/files\/2013\/05\/20130503-125839.jpg\" alt=\"20130503-125839.jpg\" class=\"alignnone size-full\" \/><\/a><\/p>\n<p><a href=\"http:\/\/blogg.improveme.se\/annabeus\/files\/2013\/05\/20130503-125848.jpg\"><img decoding=\"async\" src=\"http:\/\/blogg.improveme.se\/annabeus\/files\/2013\/05\/20130503-125848.jpg\" alt=\"20130503-125848.jpg\" class=\"alignnone size-full\" \/><\/a><\/p>\n","protected":false},"excerpt":{"rendered":"<p>S\u00e5 h\u00e4r blir helgens tr\u00e4ning. Skall bli j\u00e4tte sp\u00e4nnande att prova GRIT-strength nu idag p\u00e5 stadion. Jag tror att det kommer att vara sjukt intensiva 30min. Men f\u00f6rst skall vi till BVC med LillSkrutten f\u00f6r v\u00e4gning och m\u00e4tning samt vaccination del 2. Stackars liten\u2764 N\u00e4r man tror att allt \u00e4r planerat d\u00e5 \u00e4ndras det iaf. &#8230; <a title=\"Helgens tr\u00e4ning\" class=\"read-more\" href=\"https:\/\/blogg.improveme.se\/annabeus\/2013\/05\/03\/helgens-traning\/\" aria-label=\"L\u00e4s mer om Helgens tr\u00e4ning\">L\u00e4s mer<\/a><\/p>\n","protected":false},"author":3698,"featured_media":0,"comment_status":"open","ping_status":"open","sticky":false,"template":"","format":"standard","meta":{"footnotes":""},"categories":[11],"tags":[],"class_list":["post-1641","post","type-post","status-publish","format-standard","hentry","category-utmaningen-del-2"],"_links":{"self":[{"href":"https:\/\/blogg.improveme.se\/annabeus\/wp-json\/wp\/v2\/posts\/1641","targetHints":{"allow":["GET"]}}],"collection":[{"href":"https:\/\/blogg.improveme.se\/annabeus\/wp-json\/wp\/v2\/posts"}],"about":[{"href":"https:\/\/blogg.improveme.se\/annabeus\/wp-json\/wp\/v2\/types\/post"}],"author":[{"embeddable":true,"href":"https:\/\/blogg.improveme.se\/annabeus\/wp-json\/wp\/v2\/users\/3698"}],"replies":[{"embeddable":true,"href":"https:\/\/blogg.improveme.se\/annabeus\/wp-json\/wp\/v2\/comments?post=1641"}],"version-history":[{"count":0,"href":"https:\/\/blogg.improveme.se\/annabeus\/wp-json\/wp\/v2\/posts\/1641\/revisions"}],"wp:attachment":[{"href":"https:\/\/blogg.improveme.se\/annabeus\/wp-json\/wp\/v2\/media?parent=1641"}],"wp:term":[{"taxonomy":"category","embeddable":true,"href":"https:\/\/blogg.improveme.se\/annabeus\/wp-json\/wp\/v2\/categories?post=1641"},{"taxonomy":"post_tag","embeddable":true,"href":"https:\/\/blogg.improveme.se\/annabeus\/wp-json\/wp\/v2\/tags?post=1641"}],"curies":[{"name":"wp","href":"https:\/\/api.w.org\/{rel}","templated":true}]}}