{"id":1736,"date":"2013-06-14T11:25:51","date_gmt":"2013-06-14T10:25:51","guid":{"rendered":"http:\/\/blogg.improveme.se\/annabeus\/?p=1736"},"modified":"2013-06-14T11:25:51","modified_gmt":"2013-06-14T10:25:51","slug":"del-3","status":"publish","type":"post","link":"https:\/\/blogg.improveme.se\/annabeus\/2013\/06\/14\/del-3\/","title":{"rendered":"Del 3"},"content":{"rendered":"<p><a href=\"http:\/\/blogg.improveme.se\/annabeus\/files\/2013\/06\/20130614-120017.jpg\"><img decoding=\"async\" src=\"http:\/\/blogg.improveme.se\/annabeus\/files\/2013\/06\/20130614-120017.jpg\" alt=\"20130614-120017.jpg\" class=\"alignnone size-full\" \/><\/a><br \/>\nHar nu en tr\u00e4ningshelg framf\u00f6r mig: Body Pump 55 min ikv\u00e4ll, Hot mojo i morgon bitti och som toppas med en tripp till Eriksdalsbadet och att simma 1km.<br \/>\nMen en brunch och en middag att g\u00e5 p\u00e5 ocks\u00e5, f\u00e5r nog ta det lite pjano med vinet;)<br \/>\nAnnars s\u00e5 var vi p\u00e5 BVC med mammagrupp ig\u00e5r och diskuterade bland annat s\u00f6mn och rutiner. S\u00e5 fr\u00e5n och med ig\u00e5r s\u00e5 f\u00e5r inte LillSkrutten snutta eller ligga hos mig f\u00f6r \u00e4n efter tre p\u00e5 natten. N\u00e4r han vaknar och \u00e4r ledsen tar vi upp honom tills han slutar gr\u00e5ta och l\u00e4gger tillbaka honom i sin s\u00e4ng. Tror Mattias \u00e4r tr\u00f6ttare \u00e4n jag f\u00f6r detta innebar att inte jag m\u00e5ste g\u00e5 upp varje g\u00e5ng, s\u00e5 jag har faktiskt sovit helt ok\u2764 Men det blir bra f\u00f6r alla i l\u00e4ngden s\u00e5 det \u00e4r vad vi f\u00e5r fokusera p\u00e5.<\/p>\n","protected":false},"excerpt":{"rendered":"<p>Har nu en tr\u00e4ningshelg framf\u00f6r mig: Body Pump 55 min ikv\u00e4ll, Hot mojo i morgon bitti och som toppas med en tripp till Eriksdalsbadet och att simma 1km. Men en brunch och en middag att g\u00e5 p\u00e5 ocks\u00e5, f\u00e5r nog ta det lite pjano med vinet;) Annars s\u00e5 var vi p\u00e5 BVC med mammagrupp ig\u00e5r &#8230; <a title=\"Del 3\" class=\"read-more\" href=\"https:\/\/blogg.improveme.se\/annabeus\/2013\/06\/14\/del-3\/\" aria-label=\"L\u00e4s mer om Del 3\">L\u00e4s mer<\/a><\/p>\n","protected":false},"author":3698,"featured_media":0,"comment_status":"open","ping_status":"open","sticky":false,"template":"","format":"standard","meta":{"footnotes":""},"categories":[12],"tags":[],"class_list":["post-1736","post","type-post","status-publish","format-standard","hentry","category-utmaningen-del-3"],"_links":{"self":[{"href":"https:\/\/blogg.improveme.se\/annabeus\/wp-json\/wp\/v2\/posts\/1736","targetHints":{"allow":["GET"]}}],"collection":[{"href":"https:\/\/blogg.improveme.se\/annabeus\/wp-json\/wp\/v2\/posts"}],"about":[{"href":"https:\/\/blogg.improveme.se\/annabeus\/wp-json\/wp\/v2\/types\/post"}],"author":[{"embeddable":true,"href":"https:\/\/blogg.improveme.se\/annabeus\/wp-json\/wp\/v2\/users\/3698"}],"replies":[{"embeddable":true,"href":"https:\/\/blogg.improveme.se\/annabeus\/wp-json\/wp\/v2\/comments?post=1736"}],"version-history":[{"count":0,"href":"https:\/\/blogg.improveme.se\/annabeus\/wp-json\/wp\/v2\/posts\/1736\/revisions"}],"wp:attachment":[{"href":"https:\/\/blogg.improveme.se\/annabeus\/wp-json\/wp\/v2\/media?parent=1736"}],"wp:term":[{"taxonomy":"category","embeddable":true,"href":"https:\/\/blogg.improveme.se\/annabeus\/wp-json\/wp\/v2\/categories?post=1736"},{"taxonomy":"post_tag","embeddable":true,"href":"https:\/\/blogg.improveme.se\/annabeus\/wp-json\/wp\/v2\/tags?post=1736"}],"curies":[{"name":"wp","href":"https:\/\/api.w.org\/{rel}","templated":true}]}}