{"id":1742,"date":"2013-06-19T08:26:45","date_gmt":"2013-06-19T07:26:45","guid":{"rendered":"http:\/\/blogg.improveme.se\/annabeus\/?p=1742"},"modified":"2013-06-19T08:26:45","modified_gmt":"2013-06-19T07:26:45","slug":"trottheten","status":"publish","type":"post","link":"https:\/\/blogg.improveme.se\/annabeus\/2013\/06\/19\/trottheten\/","title":{"rendered":"Tr\u00f6ttheten"},"content":{"rendered":"<p>Tr\u00f6ttheten blir verkligen mer och mer p\u00e5taglig nu. N\u00e4stan \u00e5tta m\u00e5nader utan en hel natts\u00f6mn (foglossning de tv\u00e5 sista m\u00e5naderna av graviditeten)<br \/>\nGl\u00f6mmer saker, susig i huvudet, en tr\u00f6tthet i kroppen och mindre effektiv. K\u00e4nns till och med som om jag ser dubbelt ibland. M\u00e5ste tr\u00e4na och g\u00e5 promenader f\u00f6r att vakna till. F\u00f6rl\u00e5t \u00e4r inte meningen att klaga med det b\u00f6rjar bli ganska tungt nu och jag vet att det inte bara \u00e4r jag. Skall till BVC idag, m\u00e5ste r\u00e5dfr\u00e5ga dem om hur man skall g\u00f6ra f\u00f6r s\u00e5 som det \u00e4r nu \u00e4r INTE H\u00c5LLBART!!! Mer v\u00e4lling, senare?<br \/>\nInte plocka upp n\u00e4r han skriker?<br \/>\nInte l\u00e5ta han sova hos oss i s\u00e4ngen?<br \/>\nMin lilla \u00e4lsklings Skrutt blir en od\u00e5ga p\u00e5 n\u00e4tterna&#8230;.<\/p>\n<p><a href=\"http:\/\/blogg.improveme.se\/annabeus\/files\/2013\/06\/20130619-090956.jpg\"><img decoding=\"async\" src=\"http:\/\/blogg.improveme.se\/annabeus\/files\/2013\/06\/20130619-090956.jpg\" alt=\"20130619-090956.jpg\" class=\"alignnone size-full\" \/><\/a><\/p>\n","protected":false},"excerpt":{"rendered":"<p>Tr\u00f6ttheten blir verkligen mer och mer p\u00e5taglig nu. N\u00e4stan \u00e5tta m\u00e5nader utan en hel natts\u00f6mn (foglossning de tv\u00e5 sista m\u00e5naderna av graviditeten) Gl\u00f6mmer saker, susig i huvudet, en tr\u00f6tthet i kroppen och mindre effektiv. K\u00e4nns till och med som om jag ser dubbelt ibland. M\u00e5ste tr\u00e4na och g\u00e5 promenader f\u00f6r att vakna till. F\u00f6rl\u00e5t \u00e4r &#8230; <a title=\"Tr\u00f6ttheten\" class=\"read-more\" href=\"https:\/\/blogg.improveme.se\/annabeus\/2013\/06\/19\/trottheten\/\" aria-label=\"L\u00e4s mer om Tr\u00f6ttheten\">L\u00e4s mer<\/a><\/p>\n","protected":false},"author":3698,"featured_media":0,"comment_status":"open","ping_status":"open","sticky":false,"template":"","format":"standard","meta":{"footnotes":""},"categories":[12],"tags":[],"class_list":["post-1742","post","type-post","status-publish","format-standard","hentry","category-utmaningen-del-3"],"_links":{"self":[{"href":"https:\/\/blogg.improveme.se\/annabeus\/wp-json\/wp\/v2\/posts\/1742","targetHints":{"allow":["GET"]}}],"collection":[{"href":"https:\/\/blogg.improveme.se\/annabeus\/wp-json\/wp\/v2\/posts"}],"about":[{"href":"https:\/\/blogg.improveme.se\/annabeus\/wp-json\/wp\/v2\/types\/post"}],"author":[{"embeddable":true,"href":"https:\/\/blogg.improveme.se\/annabeus\/wp-json\/wp\/v2\/users\/3698"}],"replies":[{"embeddable":true,"href":"https:\/\/blogg.improveme.se\/annabeus\/wp-json\/wp\/v2\/comments?post=1742"}],"version-history":[{"count":0,"href":"https:\/\/blogg.improveme.se\/annabeus\/wp-json\/wp\/v2\/posts\/1742\/revisions"}],"wp:attachment":[{"href":"https:\/\/blogg.improveme.se\/annabeus\/wp-json\/wp\/v2\/media?parent=1742"}],"wp:term":[{"taxonomy":"category","embeddable":true,"href":"https:\/\/blogg.improveme.se\/annabeus\/wp-json\/wp\/v2\/categories?post=1742"},{"taxonomy":"post_tag","embeddable":true,"href":"https:\/\/blogg.improveme.se\/annabeus\/wp-json\/wp\/v2\/tags?post=1742"}],"curies":[{"name":"wp","href":"https:\/\/api.w.org\/{rel}","templated":true}]}}