{"id":1746,"date":"2013-06-20T15:16:00","date_gmt":"2013-06-20T14:16:00","guid":{"rendered":"http:\/\/blogg.improveme.se\/annabeus\/?p=1746"},"modified":"2013-06-20T15:16:00","modified_gmt":"2013-06-20T14:16:00","slug":"njuter-i-solen-efter-loptraning","status":"publish","type":"post","link":"https:\/\/blogg.improveme.se\/annabeus\/2013\/06\/20\/njuter-i-solen-efter-loptraning\/","title":{"rendered":"Njuter i solen efter l\u00f6ptr\u00e4ning"},"content":{"rendered":"<p>H\u00e4rligt \u00e4r r\u00e4tta ordet f\u00f6r hur jag har det just nu! Passade p\u00e5 att sl\u00e4nga p\u00e5 mig bikinin efter att vi varit uppe i skogen och l\u00f6ptr\u00e4nat. S\u00e5 nu ligger jag h\u00e4r i en badenbaden och bara njuter av tystnaden och v\u00e4rmen.<br \/>\nMattias och LillSkrutten \u00e4r inne i stan och handlar tills i morgon och jag och tv\u00e5 v\u00e4nner var uppe i skogen och k\u00f6rde en utomhus tr\u00e4ning som coachen Stellan Backlund rekomenderat.<br \/>\nVi v\u00e4nde dock p\u00e5 den och b\u00f6rjade med tabata intervallerna, v\u00e4ldigt jobbigt var det men en rolig workout som jag absolut rekomenderar. Nu t\u00e4nker jag passa p\u00e5 att njuta n\u00e4r jag kan s\u00e5 ha nu en underbar MIDSOMMAR alla underbara\u2764<\/p>\n<p><a href=\"http:\/\/blogg.improveme.se\/annabeus\/files\/2013\/06\/20130620-130011.jpg\"><img decoding=\"async\" src=\"http:\/\/blogg.improveme.se\/annabeus\/files\/2013\/06\/20130620-130011.jpg\" alt=\"20130620-130011.jpg\" class=\"alignnone size-full\" \/><\/a><\/p>\n<p><a href=\"http:\/\/blogg.improveme.se\/annabeus\/files\/2013\/06\/20130620-125907.jpg\"><img decoding=\"async\" src=\"http:\/\/blogg.improveme.se\/annabeus\/files\/2013\/06\/20130620-125907.jpg\" alt=\"20130620-125907.jpg\" class=\"alignnone size-full\" \/><\/a><\/p>\n","protected":false},"excerpt":{"rendered":"<p>H\u00e4rligt \u00e4r r\u00e4tta ordet f\u00f6r hur jag har det just nu! Passade p\u00e5 att sl\u00e4nga p\u00e5 mig bikinin efter att vi varit uppe i skogen och l\u00f6ptr\u00e4nat. S\u00e5 nu ligger jag h\u00e4r i en badenbaden och bara njuter av tystnaden och v\u00e4rmen. Mattias och LillSkrutten \u00e4r inne i stan och handlar tills i morgon och &#8230; <a title=\"Njuter i solen efter l\u00f6ptr\u00e4ning\" class=\"read-more\" href=\"https:\/\/blogg.improveme.se\/annabeus\/2013\/06\/20\/njuter-i-solen-efter-loptraning\/\" aria-label=\"L\u00e4s mer om Njuter i solen efter l\u00f6ptr\u00e4ning\">L\u00e4s mer<\/a><\/p>\n","protected":false},"author":3698,"featured_media":0,"comment_status":"open","ping_status":"open","sticky":false,"template":"","format":"standard","meta":{"footnotes":""},"categories":[12],"tags":[],"class_list":["post-1746","post","type-post","status-publish","format-standard","hentry","category-utmaningen-del-3"],"_links":{"self":[{"href":"https:\/\/blogg.improveme.se\/annabeus\/wp-json\/wp\/v2\/posts\/1746","targetHints":{"allow":["GET"]}}],"collection":[{"href":"https:\/\/blogg.improveme.se\/annabeus\/wp-json\/wp\/v2\/posts"}],"about":[{"href":"https:\/\/blogg.improveme.se\/annabeus\/wp-json\/wp\/v2\/types\/post"}],"author":[{"embeddable":true,"href":"https:\/\/blogg.improveme.se\/annabeus\/wp-json\/wp\/v2\/users\/3698"}],"replies":[{"embeddable":true,"href":"https:\/\/blogg.improveme.se\/annabeus\/wp-json\/wp\/v2\/comments?post=1746"}],"version-history":[{"count":0,"href":"https:\/\/blogg.improveme.se\/annabeus\/wp-json\/wp\/v2\/posts\/1746\/revisions"}],"wp:attachment":[{"href":"https:\/\/blogg.improveme.se\/annabeus\/wp-json\/wp\/v2\/media?parent=1746"}],"wp:term":[{"taxonomy":"category","embeddable":true,"href":"https:\/\/blogg.improveme.se\/annabeus\/wp-json\/wp\/v2\/categories?post=1746"},{"taxonomy":"post_tag","embeddable":true,"href":"https:\/\/blogg.improveme.se\/annabeus\/wp-json\/wp\/v2\/tags?post=1746"}],"curies":[{"name":"wp","href":"https:\/\/api.w.org\/{rel}","templated":true}]}}