{"id":1759,"date":"2013-06-28T10:08:54","date_gmt":"2013-06-28T09:08:54","guid":{"rendered":"http:\/\/blogg.improveme.se\/annabeus\/?p=1759"},"modified":"2013-06-28T10:08:54","modified_gmt":"2013-06-28T09:08:54","slug":"somnlos-natt","status":"publish","type":"post","link":"https:\/\/blogg.improveme.se\/annabeus\/2013\/06\/28\/somnlos-natt\/","title":{"rendered":"S\u00f6mnl\u00f6s natt"},"content":{"rendered":"<p>I natt har varit en riktigt tung natt igen. Men det blir b\u00e4ttre f\u00f6r vissa n\u00e4tter \u00e4r b\u00e4ttre \u00e4n andra s\u00e5 det h\u00e4nder, sakta men s\u00e4kert. Det jobbiga i natt har varit att jag helt pl\u00f6tsligt f\u00e5tt s\u00e5 sv\u00e5rt att somna. Vad h\u00e4nde d\u00e4r??<br \/>\nS\u00e5 n\u00e4r Lilleman sover gott p\u00e5 kv\u00e4llen d\u00e5 ligger jag och vrider och v\u00e4nder. Bara v\u00e4ntar p\u00e5 att han skall vakna. Har i och f\u00f6r sig sovit lite middag de senaste dagarna och det kanske rubbar min kv\u00e4llss\u00f6mn. En annan som inte hade samma problem som jag var min sambo. Kl 20:45 ville han att vi skulle g\u00e5 och l\u00e4gga oss och kl. 21.00 l\u00e5g han och snarkade. Jag gick upp och tittade p\u00e5 tv i en timme f\u00f6r att g\u00e5 tillbaka till s\u00e4ngen och vrida o v\u00e4nda mig&#8230;. Sen n\u00e4r jag v\u00e4l somnade d\u00e5 vaknade LillSkrutten och h\u00f6ll l\u00e5da var annan timme&#8230; Vi har hamnat i en d\u00e5lig ovana med s\u00f6mnen, iaf jag&#8230;<br \/>\nMen en kopp kaffe s\u00e5 \u00e4r allt bra igen! Skall ta in p\u00e5 hotel en natt s\u00e5 fort jag slutat amma och bara SOVA en hel natt:)<br \/>\nFast det \u00e4r sk\u00f6nt att \u00e4ven om jag inte sover s\u00e5 \u00e4r jag glad och har ork till att b\u00e5de tr\u00e4na och ta hand om LillSkrutten s\u00e5 lite s\u00f6mn f\u00e5r jag nog till iaf;)<\/p>\n<p><a href=\"http:\/\/blogg.improveme.se\/annabeus\/files\/2013\/06\/20130628-105155.jpg\"><img decoding=\"async\" src=\"http:\/\/blogg.improveme.se\/annabeus\/files\/2013\/06\/20130628-105155.jpg\" alt=\"20130628-105155.jpg\" class=\"alignnone size-full\" \/><\/a><\/p>\n","protected":false},"excerpt":{"rendered":"<p>I natt har varit en riktigt tung natt igen. Men det blir b\u00e4ttre f\u00f6r vissa n\u00e4tter \u00e4r b\u00e4ttre \u00e4n andra s\u00e5 det h\u00e4nder, sakta men s\u00e4kert. Det jobbiga i natt har varit att jag helt pl\u00f6tsligt f\u00e5tt s\u00e5 sv\u00e5rt att somna. Vad h\u00e4nde d\u00e4r?? S\u00e5 n\u00e4r Lilleman sover gott p\u00e5 kv\u00e4llen d\u00e5 ligger jag och &#8230; <a title=\"S\u00f6mnl\u00f6s natt\" class=\"read-more\" href=\"https:\/\/blogg.improveme.se\/annabeus\/2013\/06\/28\/somnlos-natt\/\" aria-label=\"L\u00e4s mer om S\u00f6mnl\u00f6s natt\">L\u00e4s mer<\/a><\/p>\n","protected":false},"author":3698,"featured_media":0,"comment_status":"open","ping_status":"open","sticky":false,"template":"","format":"standard","meta":{"footnotes":""},"categories":[12],"tags":[],"class_list":["post-1759","post","type-post","status-publish","format-standard","hentry","category-utmaningen-del-3"],"_links":{"self":[{"href":"https:\/\/blogg.improveme.se\/annabeus\/wp-json\/wp\/v2\/posts\/1759","targetHints":{"allow":["GET"]}}],"collection":[{"href":"https:\/\/blogg.improveme.se\/annabeus\/wp-json\/wp\/v2\/posts"}],"about":[{"href":"https:\/\/blogg.improveme.se\/annabeus\/wp-json\/wp\/v2\/types\/post"}],"author":[{"embeddable":true,"href":"https:\/\/blogg.improveme.se\/annabeus\/wp-json\/wp\/v2\/users\/3698"}],"replies":[{"embeddable":true,"href":"https:\/\/blogg.improveme.se\/annabeus\/wp-json\/wp\/v2\/comments?post=1759"}],"version-history":[{"count":0,"href":"https:\/\/blogg.improveme.se\/annabeus\/wp-json\/wp\/v2\/posts\/1759\/revisions"}],"wp:attachment":[{"href":"https:\/\/blogg.improveme.se\/annabeus\/wp-json\/wp\/v2\/media?parent=1759"}],"wp:term":[{"taxonomy":"category","embeddable":true,"href":"https:\/\/blogg.improveme.se\/annabeus\/wp-json\/wp\/v2\/categories?post=1759"},{"taxonomy":"post_tag","embeddable":true,"href":"https:\/\/blogg.improveme.se\/annabeus\/wp-json\/wp\/v2\/tags?post=1759"}],"curies":[{"name":"wp","href":"https:\/\/api.w.org\/{rel}","templated":true}]}}