{"id":1765,"date":"2013-07-02T10:33:47","date_gmt":"2013-07-02T09:33:47","guid":{"rendered":"http:\/\/blogg.improveme.se\/annabeus\/?p=1765"},"modified":"2013-07-02T10:33:47","modified_gmt":"2013-07-02T09:33:47","slug":"ont-i-halsen-2","status":"publish","type":"post","link":"https:\/\/blogg.improveme.se\/annabeus\/2013\/07\/02\/ont-i-halsen-2\/","title":{"rendered":"Ont i halsen"},"content":{"rendered":"<p>Typiskt!!<br \/>\nDet som stod l\u00f6pnings intervaller p\u00e5 l\u00f6pband idag p\u00e5 tr\u00e4nings schemat&#8230; Men vaknar man med ont i halsen s\u00e5 \u00e4r det bara vila som g\u00e4ller&#8230; Suck!!<br \/>\nMen men, det blir fika mys med Sandra och tv\u00e4tta en massa ist\u00e4llet. M\u00e5ste ju kurera mig s\u00e5 jag kan simma p\u00e5 l\u00f6rdag. Men det skall inte vara n\u00e5got problem. Kroppen har sagt ifr\u00e5n n\u00e5gra g\u00e5nger det senaste \u00e5tta m\u00e5naderna med lite halsont och huvudv\u00e4rk. S\u00e5 om jag &#8221;vilar&#8221; fr\u00e5n tr\u00e4ning idag s\u00e5 \u00e4r det typ bra i morgon. M\u00e5ste lyssna p\u00e5 kroppen s\u00e5 ordnar den upp allt.<\/p>\n<p><a href=\"http:\/\/blogg.improveme.se\/annabeus\/files\/2013\/07\/20130702-111710.jpg\"><img decoding=\"async\" src=\"http:\/\/blogg.improveme.se\/annabeus\/files\/2013\/07\/20130702-111710.jpg\" alt=\"20130702-111710.jpg\" class=\"alignnone size-full\" \/><\/a><\/p>\n","protected":false},"excerpt":{"rendered":"<p>Typiskt!! Det som stod l\u00f6pnings intervaller p\u00e5 l\u00f6pband idag p\u00e5 tr\u00e4nings schemat&#8230; Men vaknar man med ont i halsen s\u00e5 \u00e4r det bara vila som g\u00e4ller&#8230; Suck!! Men men, det blir fika mys med Sandra och tv\u00e4tta en massa ist\u00e4llet. M\u00e5ste ju kurera mig s\u00e5 jag kan simma p\u00e5 l\u00f6rdag. Men det skall inte vara &#8230; <a title=\"Ont i halsen\" class=\"read-more\" href=\"https:\/\/blogg.improveme.se\/annabeus\/2013\/07\/02\/ont-i-halsen-2\/\" aria-label=\"L\u00e4s mer om Ont i halsen\">L\u00e4s mer<\/a><\/p>\n","protected":false},"author":3698,"featured_media":0,"comment_status":"open","ping_status":"open","sticky":false,"template":"","format":"standard","meta":{"footnotes":""},"categories":[12],"tags":[],"class_list":["post-1765","post","type-post","status-publish","format-standard","hentry","category-utmaningen-del-3"],"_links":{"self":[{"href":"https:\/\/blogg.improveme.se\/annabeus\/wp-json\/wp\/v2\/posts\/1765","targetHints":{"allow":["GET"]}}],"collection":[{"href":"https:\/\/blogg.improveme.se\/annabeus\/wp-json\/wp\/v2\/posts"}],"about":[{"href":"https:\/\/blogg.improveme.se\/annabeus\/wp-json\/wp\/v2\/types\/post"}],"author":[{"embeddable":true,"href":"https:\/\/blogg.improveme.se\/annabeus\/wp-json\/wp\/v2\/users\/3698"}],"replies":[{"embeddable":true,"href":"https:\/\/blogg.improveme.se\/annabeus\/wp-json\/wp\/v2\/comments?post=1765"}],"version-history":[{"count":0,"href":"https:\/\/blogg.improveme.se\/annabeus\/wp-json\/wp\/v2\/posts\/1765\/revisions"}],"wp:attachment":[{"href":"https:\/\/blogg.improveme.se\/annabeus\/wp-json\/wp\/v2\/media?parent=1765"}],"wp:term":[{"taxonomy":"category","embeddable":true,"href":"https:\/\/blogg.improveme.se\/annabeus\/wp-json\/wp\/v2\/categories?post=1765"},{"taxonomy":"post_tag","embeddable":true,"href":"https:\/\/blogg.improveme.se\/annabeus\/wp-json\/wp\/v2\/tags?post=1765"}],"curies":[{"name":"wp","href":"https:\/\/api.w.org\/{rel}","templated":true}]}}