{"id":644,"date":"2013-03-06T12:28:05","date_gmt":"2013-03-06T11:28:05","guid":{"rendered":"http:\/\/blogg.improveme.se\/annabeus\/?p=644"},"modified":"2013-03-06T12:46:32","modified_gmt":"2013-03-06T11:46:32","slug":"lite-lat","status":"publish","type":"post","link":"https:\/\/blogg.improveme.se\/annabeus\/2013\/03\/06\/lite-lat\/","title":{"rendered":"Lite lat"},"content":{"rendered":"<p>Nu har jag och LillSkrutten st\u00e4dat upp p\u00e5 uteplatsen. K\u00e4nns j\u00e4tte bra att f\u00e5 st\u00e4da bort lite av vintern. L\u00e4ngtar tills v\u00e5ren b\u00f6rjar komma lite mer s\u00e5 vi kan plantera blommor och h\u00e4mta hit utem\u00f6blerna. Sitta ute och \u00e4ta frukost i sommar. LillSkrutten skall f\u00e5 en lite pool ocks\u00e5. <\/p>\n<p><a href=\"http:\/\/blogg.improveme.se\/annabeus\/files\/2013\/03\/20130306-124424.jpg\"><img decoding=\"async\" src=\"http:\/\/blogg.improveme.se\/annabeus\/files\/2013\/03\/20130306-124424.jpg\" alt=\"20130306-124424.jpg\" class=\"alignnone size-full\" \/><\/a><br \/>\nOj, nu sprang jag iv\u00e4g i tankarna. F\u00f6rst skall vi g\u00e5 ut i Hagaparken idag eftersom vi var lite lata ig\u00e5r och bara tog en 45min promenad i stan.<br \/>\nHar mest d\u00e5ligt samvete f\u00f6r honom. Han beh\u00f6ver f\u00e5 vara ute. Men efter vaccinationen i m\u00e5ndags s\u00e5 var jag lite orolig ig\u00e5r att han skulle bli sjuk. D\u00e4rf\u00f6r fick han sova s\u00e5 mycket han ville och n\u00e4r han ville utan att jag var d\u00e4r och br\u00e5kade med overaller osv.<br \/>\nSen skall jag f\u00e5 tr\u00e4na kl 18.15. Jippi!!<br \/>\nCrossfit idag med\u2764<\/p>\n<p><a href=\"http:\/\/blogg.improveme.se\/annabeus\/files\/2013\/03\/20130306-124523.jpg\"><img decoding=\"async\" src=\"http:\/\/blogg.improveme.se\/annabeus\/files\/2013\/03\/20130306-124523.jpg\" alt=\"20130306-124523.jpg\" class=\"alignnone size-full\" \/><\/a><\/p>\n","protected":false},"excerpt":{"rendered":"<p>Nu har jag och LillSkrutten st\u00e4dat upp p\u00e5 uteplatsen. K\u00e4nns j\u00e4tte bra att f\u00e5 st\u00e4da bort lite av vintern. L\u00e4ngtar tills v\u00e5ren b\u00f6rjar komma lite mer s\u00e5 vi kan plantera blommor och h\u00e4mta hit utem\u00f6blerna. Sitta ute och \u00e4ta frukost i sommar. LillSkrutten skall f\u00e5 en lite pool ocks\u00e5. Oj, nu sprang jag iv\u00e4g i &#8230; <a title=\"Lite lat\" class=\"read-more\" href=\"https:\/\/blogg.improveme.se\/annabeus\/2013\/03\/06\/lite-lat\/\" aria-label=\"L\u00e4s mer om Lite lat\">L\u00e4s mer<\/a><\/p>\n","protected":false},"author":3698,"featured_media":0,"comment_status":"open","ping_status":"open","sticky":false,"template":"","format":"standard","meta":{"footnotes":""},"categories":[11],"tags":[],"class_list":["post-644","post","type-post","status-publish","format-standard","hentry","category-utmaningen-del-2"],"_links":{"self":[{"href":"https:\/\/blogg.improveme.se\/annabeus\/wp-json\/wp\/v2\/posts\/644","targetHints":{"allow":["GET"]}}],"collection":[{"href":"https:\/\/blogg.improveme.se\/annabeus\/wp-json\/wp\/v2\/posts"}],"about":[{"href":"https:\/\/blogg.improveme.se\/annabeus\/wp-json\/wp\/v2\/types\/post"}],"author":[{"embeddable":true,"href":"https:\/\/blogg.improveme.se\/annabeus\/wp-json\/wp\/v2\/users\/3698"}],"replies":[{"embeddable":true,"href":"https:\/\/blogg.improveme.se\/annabeus\/wp-json\/wp\/v2\/comments?post=644"}],"version-history":[{"count":0,"href":"https:\/\/blogg.improveme.se\/annabeus\/wp-json\/wp\/v2\/posts\/644\/revisions"}],"wp:attachment":[{"href":"https:\/\/blogg.improveme.se\/annabeus\/wp-json\/wp\/v2\/media?parent=644"}],"wp:term":[{"taxonomy":"category","embeddable":true,"href":"https:\/\/blogg.improveme.se\/annabeus\/wp-json\/wp\/v2\/categories?post=644"},{"taxonomy":"post_tag","embeddable":true,"href":"https:\/\/blogg.improveme.se\/annabeus\/wp-json\/wp\/v2\/tags?post=644"}],"curies":[{"name":"wp","href":"https:\/\/api.w.org\/{rel}","templated":true}]}}