{"id":711,"date":"2013-03-10T17:20:22","date_gmt":"2013-03-10T16:20:22","guid":{"rendered":"http:\/\/blogg.improveme.se\/annabeus\/?p=711"},"modified":"2013-03-10T17:20:33","modified_gmt":"2013-03-10T16:20:33","slug":"amningen","status":"publish","type":"post","link":"https:\/\/blogg.improveme.se\/annabeus\/2013\/03\/10\/amningen\/","title":{"rendered":"Amningen"},"content":{"rendered":"<p>Som s\u00e5 otroligt m\u00e5nga andra hade jag problem med amningen i b\u00f6rjan. N\u00e4r LillSkrutten f\u00f6ddes v\u00e4gde han 3700g bara tre dagar efter hade han g\u00e5tt ner till 3350g och jag hade s\u00e5r p\u00e5 br\u00f6stv\u00e5rtorna. Det gjorde b\u00e5de ont och var obehagligt n\u00e4r han \u00e5t. Vi blev tillsagda att komplitera med ers\u00e4ttning till varje m\u00e5ltid. Han b\u00f6rjade att g\u00e5 upp i vikt igen. 100g p\u00e5 24 timmar. Vi h\u00f6ll p\u00e5 med ers\u00e4ttningen i ca 1 m\u00e5nad. Han hade sv\u00e5rt att bajsa och ont i magen. Jag k\u00e4nde p\u00e5 mig att det hade med ers\u00e4ttningen att g\u00f6ra. Men vi var \u00e4nd\u00e5 r\u00e4dda f\u00f6r att sluta mer ers\u00e4ttningen eftersom de skr\u00e4mde upp oss s\u00e5 p\u00e5 sjukhuset n\u00e4r han gick ner i vikt d\u00e4r i b\u00f6rjan.<br \/>\nS\u00e5ren p\u00e5 br\u00f6stv\u00e5rtorna f\u00f6rsvan efter ca en vecka med mycket koncentration varje g\u00e5ng han \u00e5t och s\u00e5 sn\u00e4rjde jag med HPA Lanolin (helt fantastisk cr\u00e8me)<\/p>\n<p><a href=\"http:\/\/blogg.improveme.se\/annabeus\/files\/2013\/03\/20130306-132536.jpg\"><img decoding=\"async\" src=\"http:\/\/blogg.improveme.se\/annabeus\/files\/2013\/03\/20130306-132536.jpg\" alt=\"20130306-132536.jpg\" class=\"alignnone size-full\" \/><\/a><br \/>\nS\u00e5 jag tog mitt f\u00f6rnuft till f\u00e5nga och best\u00e4mde mig f\u00f6r att prova och det fungerade hur bra som helst att helamma. LillSkrutten fortsatte att f\u00f6lja sin viktkurva spikrakt upp\u00e5t och han m\u00e5r s\u00e5 otroligt mycket b\u00e4ttre i magen.<br \/>\nIdag s\u00e5 till och med pumpar jag ur mj\u00f6lk en timme efter morgonm\u00e5let och samlar tre dagars mj\u00f6lk och fryser in. <\/p>\n<p><a href=\"http:\/\/blogg.improveme.se\/annabeus\/files\/2013\/03\/20130306-133021.jpg\"><img decoding=\"async\" src=\"http:\/\/blogg.improveme.se\/annabeus\/files\/2013\/03\/20130306-133021.jpg\" alt=\"20130306-133021.jpg\" class=\"alignnone size-full\" \/><\/a><br \/>\nI m\u00e5ndags v\u00e4gde LillSkrutten 7130g och 63.5cm l\u00e5ng. Han ligger i \u00f6verkant p\u00e5 sin kurva. Lite magknip men det beror p\u00e5 hans stora viktuppg\u00e5ng och att han sv\u00e4ljer luft men Minifom och rapningar i massor g\u00f6r att vi har en otroligt glad bebis som sover mellan 22-07 med bara en amning och inget bl\u00f6jbyte. Men v\u00e4gen hit har varit M\u00c5NGA s\u00f6mnl\u00f6sa n\u00e4tter och MYCKET skrik.<br \/>\n\u00c4r bara otroligt glad att jag lyckades f\u00e5 bort s\u00e5ren p\u00e5 br\u00f6stv\u00e5rtorna i tid och f\u00e5 LillSkrutten att l\u00e4ra sig r\u00e4tt sugteknik annars hade vi nog inte klarat av att b\u00f6rja helamma.<\/p>\n","protected":false},"excerpt":{"rendered":"<p>Som s\u00e5 otroligt m\u00e5nga andra hade jag problem med amningen i b\u00f6rjan. N\u00e4r LillSkrutten f\u00f6ddes v\u00e4gde han 3700g bara tre dagar efter hade han g\u00e5tt ner till 3350g och jag hade s\u00e5r p\u00e5 br\u00f6stv\u00e5rtorna. Det gjorde b\u00e5de ont och var obehagligt n\u00e4r han \u00e5t. Vi blev tillsagda att komplitera med ers\u00e4ttning till varje m\u00e5ltid. Han &#8230; <a title=\"Amningen\" class=\"read-more\" href=\"https:\/\/blogg.improveme.se\/annabeus\/2013\/03\/10\/amningen\/\" aria-label=\"L\u00e4s mer om Amningen\">L\u00e4s mer<\/a><\/p>\n","protected":false},"author":3698,"featured_media":0,"comment_status":"open","ping_status":"open","sticky":false,"template":"","format":"standard","meta":{"footnotes":""},"categories":[11],"tags":[],"class_list":["post-711","post","type-post","status-publish","format-standard","hentry","category-utmaningen-del-2"],"_links":{"self":[{"href":"https:\/\/blogg.improveme.se\/annabeus\/wp-json\/wp\/v2\/posts\/711","targetHints":{"allow":["GET"]}}],"collection":[{"href":"https:\/\/blogg.improveme.se\/annabeus\/wp-json\/wp\/v2\/posts"}],"about":[{"href":"https:\/\/blogg.improveme.se\/annabeus\/wp-json\/wp\/v2\/types\/post"}],"author":[{"embeddable":true,"href":"https:\/\/blogg.improveme.se\/annabeus\/wp-json\/wp\/v2\/users\/3698"}],"replies":[{"embeddable":true,"href":"https:\/\/blogg.improveme.se\/annabeus\/wp-json\/wp\/v2\/comments?post=711"}],"version-history":[{"count":0,"href":"https:\/\/blogg.improveme.se\/annabeus\/wp-json\/wp\/v2\/posts\/711\/revisions"}],"wp:attachment":[{"href":"https:\/\/blogg.improveme.se\/annabeus\/wp-json\/wp\/v2\/media?parent=711"}],"wp:term":[{"taxonomy":"category","embeddable":true,"href":"https:\/\/blogg.improveme.se\/annabeus\/wp-json\/wp\/v2\/categories?post=711"},{"taxonomy":"post_tag","embeddable":true,"href":"https:\/\/blogg.improveme.se\/annabeus\/wp-json\/wp\/v2\/tags?post=711"}],"curies":[{"name":"wp","href":"https:\/\/api.w.org\/{rel}","templated":true}]}}