{"id":882,"date":"2013-03-08T08:33:39","date_gmt":"2013-03-08T07:33:39","guid":{"rendered":"http:\/\/blogg.improveme.se\/annabeus\/?p=882"},"modified":"2013-03-08T15:13:11","modified_gmt":"2013-03-08T14:13:11","slug":"middag-och-bio","status":"publish","type":"post","link":"https:\/\/blogg.improveme.se\/annabeus\/2013\/03\/08\/middag-och-bio\/","title":{"rendered":"Middag och bio"},"content":{"rendered":"<p>Idag kommer en av mina b\u00e4sta v\u00e4nner hit. Vi skall \u00e4ta middag och sedan g\u00e5 p\u00e5 bio. Filmen Du g\u00f6r mig galen. S\u00e5 hela f\u00f6rmiddagen hat g\u00e5tt \u00e5t till att handla mat, k\u00f6pa hem lite vin, gl\u00f6mde bio presssentkorten, hem och h\u00e4mta, g\u00e5 till bion p\u00e5 Sture och h\u00e4mta ut dem, inser att jag gl\u00f6mt en del ingredienser, ner till Ica igen. \u00c4ntligen tillbaka hemma, dags att amma och b\u00f6rja fixa med maten.<br \/>\nDet blir kycklingfil\u00e9 fylld men manchego ost och gr\u00f6na b\u00f6nor serveras med ugnsbakade pommfrits av potatis och mor\u00f6tter samt chilibearnaise och tzaziki<br \/>\nTill dessert protein\u00e4ppelkaka ja lite socker t\u00e4nker jag ha i!!!<br \/>\nV\u00e5ga v\u00e4gra banta!!!<br \/>\n<\/a><\/p>\n<p><a href=\"http:\/\/blogg.improveme.se\/annabeus\/files\/2013\/03\/20130308-150011.jpg\"><img decoding=\"async\" src=\"http:\/\/blogg.improveme.se\/annabeus\/files\/2013\/03\/20130308-150011.jpg\" alt=\"20130308-150011.jpg\" class=\"alignnone size-full\" \/><\/a><\/p>\n<p><a href=\"http:\/\/blogg.improveme.se\/annabeus\/files\/2013\/03\/20130308-151132.jpg\"><img decoding=\"async\" src=\"http:\/\/blogg.improveme.se\/annabeus\/files\/2013\/03\/20130308-151132.jpg\" alt=\"20130308-151132.jpg\" class=\"alignnone size-full\" \/><\/a><\/p>\n","protected":false},"excerpt":{"rendered":"<p>Idag kommer en av mina b\u00e4sta v\u00e4nner hit. Vi skall \u00e4ta middag och sedan g\u00e5 p\u00e5 bio. Filmen Du g\u00f6r mig galen. S\u00e5 hela f\u00f6rmiddagen hat g\u00e5tt \u00e5t till att handla mat, k\u00f6pa hem lite vin, gl\u00f6mde bio presssentkorten, hem och h\u00e4mta, g\u00e5 till bion p\u00e5 Sture och h\u00e4mta ut dem, inser att jag gl\u00f6mt &#8230; <a title=\"Middag och bio\" class=\"read-more\" href=\"https:\/\/blogg.improveme.se\/annabeus\/2013\/03\/08\/middag-och-bio\/\" aria-label=\"L\u00e4s mer om Middag och bio\">L\u00e4s mer<\/a><\/p>\n","protected":false},"author":3698,"featured_media":0,"comment_status":"open","ping_status":"open","sticky":false,"template":"","format":"standard","meta":{"footnotes":""},"categories":[11],"tags":[],"class_list":["post-882","post","type-post","status-publish","format-standard","hentry","category-utmaningen-del-2"],"_links":{"self":[{"href":"https:\/\/blogg.improveme.se\/annabeus\/wp-json\/wp\/v2\/posts\/882","targetHints":{"allow":["GET"]}}],"collection":[{"href":"https:\/\/blogg.improveme.se\/annabeus\/wp-json\/wp\/v2\/posts"}],"about":[{"href":"https:\/\/blogg.improveme.se\/annabeus\/wp-json\/wp\/v2\/types\/post"}],"author":[{"embeddable":true,"href":"https:\/\/blogg.improveme.se\/annabeus\/wp-json\/wp\/v2\/users\/3698"}],"replies":[{"embeddable":true,"href":"https:\/\/blogg.improveme.se\/annabeus\/wp-json\/wp\/v2\/comments?post=882"}],"version-history":[{"count":0,"href":"https:\/\/blogg.improveme.se\/annabeus\/wp-json\/wp\/v2\/posts\/882\/revisions"}],"wp:attachment":[{"href":"https:\/\/blogg.improveme.se\/annabeus\/wp-json\/wp\/v2\/media?parent=882"}],"wp:term":[{"taxonomy":"category","embeddable":true,"href":"https:\/\/blogg.improveme.se\/annabeus\/wp-json\/wp\/v2\/categories?post=882"},{"taxonomy":"post_tag","embeddable":true,"href":"https:\/\/blogg.improveme.se\/annabeus\/wp-json\/wp\/v2\/tags?post=882"}],"curies":[{"name":"wp","href":"https:\/\/api.w.org\/{rel}","templated":true}]}}