{"id":10498,"date":"2014-05-27T19:32:08","date_gmt":"2014-05-27T17:32:08","guid":{"rendered":"http:\/\/blogg.improveme.se\/carinapernilla\/?p=10498"},"modified":"2014-05-27T19:32:08","modified_gmt":"2014-05-27T17:32:08","slug":"regalier-pa-stockholms-stadium","status":"publish","type":"post","link":"https:\/\/blogg.improveme.se\/carinapernilla\/2014\/05\/27\/regalier-pa-stockholms-stadium\/","title":{"rendered":"Regalier p\u00e5 Stockholms stadium"},"content":{"rendered":"<p>En h\u00e4ndelserik dag som b\u00f6rjade med bes\u00f6k p\u00e5 Com Hems kontor i STH.<br \/>\nJag och Pernilla fick tr\u00e4ffa f\u00f6retagets nya VD Anders Nilsson. Jag s\u00e4ger bara &#8211; supertrevlig!!!!<br \/>\nSen begav jag mig till Stockholms stadion f\u00f6r regalierceremoni med stallf\u00e5glarna. Ut med det gamla och in med det nya. Nu har jag blivit dekorerad med ett grymt tjusigt \u00e4gg.<br \/>\nKlart att man \u00e4r stolt som en .. H\u00f6na&#8230;<\/p>\n<p>S\u00e5 roligt att f\u00e5 tr\u00e4ffa min \u00e4ggkollega Katarina Hultling och s\u00e5 d\u00f6k Anna-Lena Hemstr\u00f6m ocks\u00e5 upp -roligt &#8211; Det var ett tag sen som vi lirade ihop i Trazzel. Marianne Tedenstad hade kv\u00e4llens snyggaste fj\u00e4drar!!<br \/>\nKram carina \ud83d\ude42 \ud83d\ude09 <\/p>\n<p><a href=\"http:\/\/blogg.improveme.se\/carinapernilla\/files\/2014\/05\/20140527-193115.jpg\"><img decoding=\"async\" src=\"http:\/\/blogg.improveme.se\/carinapernilla\/files\/2014\/05\/20140527-193115.jpg\" alt=\"20140527-193115.jpg\" class=\"alignnone size-full\" \/><\/a><\/p>\n<p><a href=\"http:\/\/blogg.improveme.se\/carinapernilla\/files\/2014\/05\/20140527-193131.jpg\"><img decoding=\"async\" src=\"http:\/\/blogg.improveme.se\/carinapernilla\/files\/2014\/05\/20140527-193131.jpg\" alt=\"20140527-193131.jpg\" class=\"alignnone size-full\" \/><\/a><\/p>\n<p><a href=\"http:\/\/blogg.improveme.se\/carinapernilla\/files\/2014\/05\/20140527-193144.jpg\"><img decoding=\"async\" src=\"http:\/\/blogg.improveme.se\/carinapernilla\/files\/2014\/05\/20140527-193144.jpg\" alt=\"20140527-193144.jpg\" class=\"alignnone size-full\" \/><\/a><\/p>\n<p><a href=\"http:\/\/blogg.improveme.se\/carinapernilla\/files\/2014\/05\/20140527-193159.jpg\"><img decoding=\"async\" src=\"http:\/\/blogg.improveme.se\/carinapernilla\/files\/2014\/05\/20140527-193159.jpg\" alt=\"20140527-193159.jpg\" class=\"alignnone size-full\" \/><\/a><\/p>\n","protected":false},"excerpt":{"rendered":"<p>En h\u00e4ndelserik dag som b\u00f6rjade med bes\u00f6k p\u00e5 Com Hems kontor i STH. Jag och Pernilla fick tr\u00e4ffa f\u00f6retagets nya VD Anders Nilsson. Jag s\u00e4ger bara &#8211; supertrevlig!!!! Sen begav jag mig till Stockholms stadion f\u00f6r regalierceremoni med stallf\u00e5glarna. Ut med det gamla och in med det nya. Nu har jag blivit dekorerad med ett &#8230; <a title=\"Regalier p\u00e5 Stockholms stadium\" class=\"read-more\" href=\"https:\/\/blogg.improveme.se\/carinapernilla\/2014\/05\/27\/regalier-pa-stockholms-stadium\/\" aria-label=\"L\u00e4s mer om Regalier p\u00e5 Stockholms stadium\">L\u00e4s mer<\/a><\/p>\n","protected":false},"author":2243,"featured_media":0,"comment_status":"open","ping_status":"open","sticky":false,"template":"","format":"standard","meta":{"footnotes":""},"categories":[1],"tags":[],"class_list":["post-10498","post","type-post","status-publish","format-standard","hentry","category-okategoriserad"],"_links":{"self":[{"href":"https:\/\/blogg.improveme.se\/carinapernilla\/wp-json\/wp\/v2\/posts\/10498","targetHints":{"allow":["GET"]}}],"collection":[{"href":"https:\/\/blogg.improveme.se\/carinapernilla\/wp-json\/wp\/v2\/posts"}],"about":[{"href":"https:\/\/blogg.improveme.se\/carinapernilla\/wp-json\/wp\/v2\/types\/post"}],"author":[{"embeddable":true,"href":"https:\/\/blogg.improveme.se\/carinapernilla\/wp-json\/wp\/v2\/users\/2243"}],"replies":[{"embeddable":true,"href":"https:\/\/blogg.improveme.se\/carinapernilla\/wp-json\/wp\/v2\/comments?post=10498"}],"version-history":[{"count":0,"href":"https:\/\/blogg.improveme.se\/carinapernilla\/wp-json\/wp\/v2\/posts\/10498\/revisions"}],"wp:attachment":[{"href":"https:\/\/blogg.improveme.se\/carinapernilla\/wp-json\/wp\/v2\/media?parent=10498"}],"wp:term":[{"taxonomy":"category","embeddable":true,"href":"https:\/\/blogg.improveme.se\/carinapernilla\/wp-json\/wp\/v2\/categories?post=10498"},{"taxonomy":"post_tag","embeddable":true,"href":"https:\/\/blogg.improveme.se\/carinapernilla\/wp-json\/wp\/v2\/tags?post=10498"}],"curies":[{"name":"wp","href":"https:\/\/api.w.org\/{rel}","templated":true}]}}