{"id":10516,"date":"2014-05-29T19:12:43","date_gmt":"2014-05-29T17:12:43","guid":{"rendered":"http:\/\/blogg.improveme.se\/carinapernilla\/?p=10516"},"modified":"2014-05-29T19:12:43","modified_gmt":"2014-05-29T17:12:43","slug":"blandade-kanslor-i-norrtalje","status":"publish","type":"post","link":"https:\/\/blogg.improveme.se\/carinapernilla\/2014\/05\/29\/blandade-kanslor-i-norrtalje\/","title":{"rendered":"Blandade k\u00e4nslor i Norrt\u00e4lje"},"content":{"rendered":"<p><a href=\"http:\/\/blogg.improveme.se\/carinapernilla\/files\/2014\/05\/20140529-185923-68363251.jpg\"><img decoding=\"async\" src=\"http:\/\/blogg.improveme.se\/carinapernilla\/files\/2014\/05\/20140529-185923-68363251.jpg\" alt=\"20140529-185923-68363251.jpg\" class=\"alignnone size-full\" \/><\/a><br \/>\nI dag s\u00e5lde vi biljetter till &#8221;2korta1l\u00e5ng&#8221; utanf\u00f6r Ica Flygfyren. Det bl\u00e5ste som bara den, men m\u00e5nga stannade och pratade.<br \/>\n&lt;blockquote<\/p><\/blockquote>\n<p>Vi fick ocks\u00e5 anledning att prata om den tragiska olyckan, som h\u00e4nde ig\u00e5r d\u00e5 v\u00e5r k\u00e4ra Glada norrt\u00e4ljetjej, Saija ramlade ner fr\u00e5n ett tak mitt i stan, d\u00e5 hon f\u00f6rs\u00f6kte hj\u00e4lpa en f\u00e5gel till sitt bo. Saija avled och l\u00e4mnade en tre\u00e5rig son efter sig. V\u00e5ra Tankar h\u00e4r i Norrt\u00e4lje g\u00e5r till Saija och hennes n\u00e4rmaste.<br \/>\nK\u00e4rlek o Ljus \u2764\ufe0f<br \/>\nPernilla<\/p>\n","protected":false},"excerpt":{"rendered":"<p>I dag s\u00e5lde vi biljetter till &#8221;2korta1l\u00e5ng&#8221; utanf\u00f6r Ica Flygfyren. Det bl\u00e5ste som bara den, men m\u00e5nga stannade och pratade. &lt;blockquote Vi fick ocks\u00e5 anledning att prata om den tragiska olyckan, som h\u00e4nde ig\u00e5r d\u00e5 v\u00e5r k\u00e4ra Glada norrt\u00e4ljetjej, Saija ramlade ner fr\u00e5n ett tak mitt i stan, d\u00e5 hon f\u00f6rs\u00f6kte hj\u00e4lpa en f\u00e5gel till &#8230; <a title=\"Blandade k\u00e4nslor i Norrt\u00e4lje\" class=\"read-more\" href=\"https:\/\/blogg.improveme.se\/carinapernilla\/2014\/05\/29\/blandade-kanslor-i-norrtalje\/\" aria-label=\"L\u00e4s mer om Blandade k\u00e4nslor i Norrt\u00e4lje\">L\u00e4s mer<\/a><\/p>\n","protected":false},"author":2243,"featured_media":0,"comment_status":"open","ping_status":"open","sticky":false,"template":"","format":"standard","meta":{"footnotes":""},"categories":[4],"tags":[],"class_list":["post-10516","post","type-post","status-publish","format-standard","hentry","category-pernilla"],"_links":{"self":[{"href":"https:\/\/blogg.improveme.se\/carinapernilla\/wp-json\/wp\/v2\/posts\/10516","targetHints":{"allow":["GET"]}}],"collection":[{"href":"https:\/\/blogg.improveme.se\/carinapernilla\/wp-json\/wp\/v2\/posts"}],"about":[{"href":"https:\/\/blogg.improveme.se\/carinapernilla\/wp-json\/wp\/v2\/types\/post"}],"author":[{"embeddable":true,"href":"https:\/\/blogg.improveme.se\/carinapernilla\/wp-json\/wp\/v2\/users\/2243"}],"replies":[{"embeddable":true,"href":"https:\/\/blogg.improveme.se\/carinapernilla\/wp-json\/wp\/v2\/comments?post=10516"}],"version-history":[{"count":0,"href":"https:\/\/blogg.improveme.se\/carinapernilla\/wp-json\/wp\/v2\/posts\/10516\/revisions"}],"wp:attachment":[{"href":"https:\/\/blogg.improveme.se\/carinapernilla\/wp-json\/wp\/v2\/media?parent=10516"}],"wp:term":[{"taxonomy":"category","embeddable":true,"href":"https:\/\/blogg.improveme.se\/carinapernilla\/wp-json\/wp\/v2\/categories?post=10516"},{"taxonomy":"post_tag","embeddable":true,"href":"https:\/\/blogg.improveme.se\/carinapernilla\/wp-json\/wp\/v2\/tags?post=10516"}],"curies":[{"name":"wp","href":"https:\/\/api.w.org\/{rel}","templated":true}]}}