{"id":10531,"date":"2014-06-02T00:11:54","date_gmt":"2014-06-01T22:11:54","guid":{"rendered":"http:\/\/blogg.improveme.se\/carinapernilla\/?p=10531"},"modified":"2014-06-02T00:11:54","modified_gmt":"2014-06-01T22:11:54","slug":"full-fart-i-sommar","status":"publish","type":"post","link":"https:\/\/blogg.improveme.se\/carinapernilla\/2014\/06\/02\/full-fart-i-sommar\/","title":{"rendered":"Full fart i Sommar"},"content":{"rendered":"<p>Efter en helg av firande av diverse f\u00f6delsedagar, s\u00e5 kopplar jag av i soffan och funderar \u00f6ver livet&#8230;.<\/p>\n<p><a href=\"http:\/\/blogg.improveme.se\/carinapernilla\/files\/2014\/06\/20140602-000413-253965.jpg\"><img decoding=\"async\" src=\"http:\/\/blogg.improveme.se\/carinapernilla\/files\/2014\/06\/20140602-000413-253965.jpg\" alt=\"20140602-000413-253965.jpg\" class=\"alignnone size-full\" \/><\/a><br \/>\n&#8230;ett tag i alla fall \ud83d\ude09 Det \u00e4r sv\u00e5rt att hitta l\u00e5ngvarig rast o ro, just nu i livet..<br \/>\nSnart \u00e4r det dags f\u00f6r &#8221;2korta1l\u00e5ng&#8221; igen! Den 13\/6 drar vi ig\u00e5ng igen med v\u00e5r glada sommarshow. Det k\u00e4nns s\u00e5 roligt att vi f\u00e5tt s\u00e5 god respons och att folk \u00e4r d\u00e5 n\u00f6jda! Vi ser fram emot en rolig sommar p\u00e5 K\u00e4rleksudden \ud83d\ude42<\/p>\n<p><a href=\"http:\/\/blogg.improveme.se\/carinapernilla\/files\/2014\/06\/20140602-001029-629393.jpg\"><img decoding=\"async\" src=\"http:\/\/blogg.improveme.se\/carinapernilla\/files\/2014\/06\/20140602-001029-629393.jpg\" alt=\"20140602-001029-629393.jpg\" class=\"alignnone size-full\" \/><\/a><br \/>\nKram \ud83d\ude42<\/p>\n","protected":false},"excerpt":{"rendered":"<p>Efter en helg av firande av diverse f\u00f6delsedagar, s\u00e5 kopplar jag av i soffan och funderar \u00f6ver livet&#8230;. &#8230;ett tag i alla fall \ud83d\ude09 Det \u00e4r sv\u00e5rt att hitta l\u00e5ngvarig rast o ro, just nu i livet.. Snart \u00e4r det dags f\u00f6r &#8221;2korta1l\u00e5ng&#8221; igen! Den 13\/6 drar vi ig\u00e5ng igen med v\u00e5r glada sommarshow. Det &#8230; <a title=\"Full fart i Sommar\" class=\"read-more\" href=\"https:\/\/blogg.improveme.se\/carinapernilla\/2014\/06\/02\/full-fart-i-sommar\/\" aria-label=\"L\u00e4s mer om Full fart i Sommar\">L\u00e4s mer<\/a><\/p>\n","protected":false},"author":2243,"featured_media":0,"comment_status":"open","ping_status":"open","sticky":false,"template":"","format":"standard","meta":{"footnotes":""},"categories":[42,5,4],"tags":[],"class_list":["post-10531","post","type-post","status-publish","format-standard","hentry","category-2korta1lang","category-carina-pernilla","category-pernilla"],"_links":{"self":[{"href":"https:\/\/blogg.improveme.se\/carinapernilla\/wp-json\/wp\/v2\/posts\/10531","targetHints":{"allow":["GET"]}}],"collection":[{"href":"https:\/\/blogg.improveme.se\/carinapernilla\/wp-json\/wp\/v2\/posts"}],"about":[{"href":"https:\/\/blogg.improveme.se\/carinapernilla\/wp-json\/wp\/v2\/types\/post"}],"author":[{"embeddable":true,"href":"https:\/\/blogg.improveme.se\/carinapernilla\/wp-json\/wp\/v2\/users\/2243"}],"replies":[{"embeddable":true,"href":"https:\/\/blogg.improveme.se\/carinapernilla\/wp-json\/wp\/v2\/comments?post=10531"}],"version-history":[{"count":0,"href":"https:\/\/blogg.improveme.se\/carinapernilla\/wp-json\/wp\/v2\/posts\/10531\/revisions"}],"wp:attachment":[{"href":"https:\/\/blogg.improveme.se\/carinapernilla\/wp-json\/wp\/v2\/media?parent=10531"}],"wp:term":[{"taxonomy":"category","embeddable":true,"href":"https:\/\/blogg.improveme.se\/carinapernilla\/wp-json\/wp\/v2\/categories?post=10531"},{"taxonomy":"post_tag","embeddable":true,"href":"https:\/\/blogg.improveme.se\/carinapernilla\/wp-json\/wp\/v2\/tags?post=10531"}],"curies":[{"name":"wp","href":"https:\/\/api.w.org\/{rel}","templated":true}]}}