{"id":10536,"date":"2014-06-02T16:44:32","date_gmt":"2014-06-02T14:44:32","guid":{"rendered":"http:\/\/blogg.improveme.se\/carinapernilla\/?p=10536"},"modified":"2014-06-03T20:33:11","modified_gmt":"2014-06-03T18:33:11","slug":"judit-dyker-upp-ovantat","status":"publish","type":"post","link":"https:\/\/blogg.improveme.se\/carinapernilla\/2014\/06\/02\/judit-dyker-upp-ovantat\/","title":{"rendered":"Judit dyker upp ov\u00e4ntat !"},"content":{"rendered":"<p>Hi, hi n\u00e4r jag bl\u00e4ddrar i Lasses byggnadsarbetaren f\u00e5r jag syn p\u00e5 denna Juditbild. H\u00e4r \u00e4r hon i full g\u00e5ng med svarven. Det \u00e4r inte klokt s\u00e5 snyggt hon har f\u00e5tt till det svarvade huvudet. Judit kan som sagt ocks\u00e5 vara en skicklig yrkeskvinna i sina b\u00e4sta dagar.<br \/>\nHursomhelst s\u00e5 togs denna bild p\u00e5 en riktigt trevlig dag p\u00e5 jobbet med bl.a. Sara , Pernilla &amp; Anna!! \ud83d\ude42 \ud83d\ude09 \ud83d\ude42 \ud83d\ude09<\/p>\n<p><a href=\"http:\/\/blogg.improveme.se\/carinapernilla\/files\/2014\/06\/20140602-164350.jpg\"><img decoding=\"async\" class=\"alignnone size-full\" alt=\"20140602-164350.jpg\" src=\"http:\/\/blogg.improveme.se\/carinapernilla\/files\/2014\/06\/20140602-164350.jpg\" \/><\/a><\/p>\n<p><a href=\"http:\/\/blogg.improveme.se\/carinapernilla\/files\/2014\/06\/20140602-164631.jpg\"><img decoding=\"async\" class=\"alignnone size-full\" alt=\"20140602-164631.jpg\" src=\"http:\/\/blogg.improveme.se\/carinapernilla\/files\/2014\/06\/20140602-164631.jpg\" \/><\/a><\/p>\n<p><a href=\"http:\/\/blogg.improveme.se\/carinapernilla\/files\/2014\/06\/20140602-164710.jpg\"><img decoding=\"async\" class=\"alignnone size-full\" alt=\"20140602-164710.jpg\" src=\"http:\/\/blogg.improveme.se\/carinapernilla\/files\/2014\/06\/20140602-164710.jpg\" \/><\/a><\/p>\n<p><a href=\"http:\/\/blogg.improveme.se\/carinapernilla\/files\/2014\/06\/20140602-164743.jpg\"><img decoding=\"async\" class=\"alignnone size-full\" alt=\"20140602-164743.jpg\" src=\"http:\/\/blogg.improveme.se\/carinapernilla\/files\/2014\/06\/20140602-164743.jpg\" \/><\/a><\/p>\n","protected":false},"excerpt":{"rendered":"<p>Hi, hi n\u00e4r jag bl\u00e4ddrar i Lasses byggnadsarbetaren f\u00e5r jag syn p\u00e5 denna Juditbild. H\u00e4r \u00e4r hon i full g\u00e5ng med svarven. Det \u00e4r inte klokt s\u00e5 snyggt hon har f\u00e5tt till det svarvade huvudet. Judit kan som sagt ocks\u00e5 vara en skicklig yrkeskvinna i sina b\u00e4sta dagar. Hursomhelst s\u00e5 togs denna bild p\u00e5 en &#8230; <a title=\"Judit dyker upp ov\u00e4ntat !\" class=\"read-more\" href=\"https:\/\/blogg.improveme.se\/carinapernilla\/2014\/06\/02\/judit-dyker-upp-ovantat\/\" aria-label=\"L\u00e4s mer om Judit dyker upp ov\u00e4ntat !\">L\u00e4s mer<\/a><\/p>\n","protected":false},"author":2243,"featured_media":0,"comment_status":"open","ping_status":"open","sticky":false,"template":"","format":"standard","meta":{"footnotes":""},"categories":[30,3,34],"tags":[],"class_list":["post-10536","post","type-post","status-publish","format-standard","hentry","category-judit-judit","category-carina","category-carina-perenkranz"],"_links":{"self":[{"href":"https:\/\/blogg.improveme.se\/carinapernilla\/wp-json\/wp\/v2\/posts\/10536","targetHints":{"allow":["GET"]}}],"collection":[{"href":"https:\/\/blogg.improveme.se\/carinapernilla\/wp-json\/wp\/v2\/posts"}],"about":[{"href":"https:\/\/blogg.improveme.se\/carinapernilla\/wp-json\/wp\/v2\/types\/post"}],"author":[{"embeddable":true,"href":"https:\/\/blogg.improveme.se\/carinapernilla\/wp-json\/wp\/v2\/users\/2243"}],"replies":[{"embeddable":true,"href":"https:\/\/blogg.improveme.se\/carinapernilla\/wp-json\/wp\/v2\/comments?post=10536"}],"version-history":[{"count":0,"href":"https:\/\/blogg.improveme.se\/carinapernilla\/wp-json\/wp\/v2\/posts\/10536\/revisions"}],"wp:attachment":[{"href":"https:\/\/blogg.improveme.se\/carinapernilla\/wp-json\/wp\/v2\/media?parent=10536"}],"wp:term":[{"taxonomy":"category","embeddable":true,"href":"https:\/\/blogg.improveme.se\/carinapernilla\/wp-json\/wp\/v2\/categories?post=10536"},{"taxonomy":"post_tag","embeddable":true,"href":"https:\/\/blogg.improveme.se\/carinapernilla\/wp-json\/wp\/v2\/tags?post=10536"}],"curies":[{"name":"wp","href":"https:\/\/api.w.org\/{rel}","templated":true}]}}