{"id":10896,"date":"2014-09-15T09:01:09","date_gmt":"2014-09-15T07:01:09","guid":{"rendered":"http:\/\/blogg.improveme.se\/carinapernilla\/?p=10896"},"modified":"2014-09-15T09:06:52","modified_gmt":"2014-09-15T07:06:52","slug":"helgen-startade-bra-och-slutade-i-katastrof","status":"publish","type":"post","link":"https:\/\/blogg.improveme.se\/carinapernilla\/2014\/09\/15\/helgen-startade-bra-och-slutade-i-katastrof\/","title":{"rendered":"Helgen startade bra och slutade i katastrof"},"content":{"rendered":"<p>I l\u00f6rdags var jag och Pernilla i Bro p\u00e5 Stora BRO-festen.<br \/>\nHur roligt var det inte att \u00e5terse Caroline Lekstr\u00f6m som b\u00e5de blivit \u00e4ldre och mamma sen sist.<br \/>\nHennes s\u00e5ngr\u00f6st \u00e4r dock fortfarande lika glimrande.<br \/>\nH\u00e4rliga ungar o \u00f6vrig publik jublade framme vid scenen. Ett riktigt roligt gig d\u00e4r jag plockade upp<br \/>\nCaroline Lekstr\u00f6m under v\u00e5r show och vi fick \u00e5ter sjunga tillsammans p\u00e5 scenen. Det var m\u00e5nga \u00e5r sen &#8211;<br \/>\ntyp 18 \u00e5r &#8211; ja, man blir ju m\u00f6rkr\u00e4dd. <\/p>\n<p>Men mest m\u00f6rkr\u00e4dd blir jag av s\u00f6ndagens valresultat &#8211; historien upprepar sig&#8230;&#8230;&#8230;. Nej &#8230;&#8230;. \ud83d\ude41 \ud83d\ude41<\/p>\n<p>Carina med Kram, kram, kram, puss, puss, puss &#8211; Tillsammans \u00e4r vi starka<\/p>\n<p><a href=\"http:\/\/blogg.improveme.se\/carinapernilla\/files\/2014\/09\/20140915-090627.jpg\"><img decoding=\"async\" src=\"http:\/\/blogg.improveme.se\/carinapernilla\/files\/2014\/09\/20140915-090627.jpg\" alt=\"20140915-090627.jpg\" class=\"alignnone size-full\" \/><\/a><\/p>\n<p><a href=\"http:\/\/blogg.improveme.se\/carinapernilla\/files\/2014\/09\/20140915-090644.jpg\"><img decoding=\"async\" src=\"http:\/\/blogg.improveme.se\/carinapernilla\/files\/2014\/09\/20140915-090644.jpg\" alt=\"20140915-090644.jpg\" class=\"alignnone size-full\" \/><\/a><\/p>\n","protected":false},"excerpt":{"rendered":"<p>I l\u00f6rdags var jag och Pernilla i Bro p\u00e5 Stora BRO-festen. Hur roligt var det inte att \u00e5terse Caroline Lekstr\u00f6m som b\u00e5de blivit \u00e4ldre och mamma sen sist. Hennes s\u00e5ngr\u00f6st \u00e4r dock fortfarande lika glimrande. H\u00e4rliga ungar o \u00f6vrig publik jublade framme vid scenen. Ett riktigt roligt gig d\u00e4r jag plockade upp Caroline Lekstr\u00f6m under &#8230; <a title=\"Helgen startade bra och slutade i katastrof\" class=\"read-more\" href=\"https:\/\/blogg.improveme.se\/carinapernilla\/2014\/09\/15\/helgen-startade-bra-och-slutade-i-katastrof\/\" aria-label=\"L\u00e4s mer om Helgen startade bra och slutade i katastrof\">L\u00e4s mer<\/a><\/p>\n","protected":false},"author":2243,"featured_media":0,"comment_status":"open","ping_status":"open","sticky":false,"template":"","format":"standard","meta":{"footnotes":""},"categories":[1],"tags":[],"class_list":["post-10896","post","type-post","status-publish","format-standard","hentry","category-okategoriserad"],"_links":{"self":[{"href":"https:\/\/blogg.improveme.se\/carinapernilla\/wp-json\/wp\/v2\/posts\/10896","targetHints":{"allow":["GET"]}}],"collection":[{"href":"https:\/\/blogg.improveme.se\/carinapernilla\/wp-json\/wp\/v2\/posts"}],"about":[{"href":"https:\/\/blogg.improveme.se\/carinapernilla\/wp-json\/wp\/v2\/types\/post"}],"author":[{"embeddable":true,"href":"https:\/\/blogg.improveme.se\/carinapernilla\/wp-json\/wp\/v2\/users\/2243"}],"replies":[{"embeddable":true,"href":"https:\/\/blogg.improveme.se\/carinapernilla\/wp-json\/wp\/v2\/comments?post=10896"}],"version-history":[{"count":0,"href":"https:\/\/blogg.improveme.se\/carinapernilla\/wp-json\/wp\/v2\/posts\/10896\/revisions"}],"wp:attachment":[{"href":"https:\/\/blogg.improveme.se\/carinapernilla\/wp-json\/wp\/v2\/media?parent=10896"}],"wp:term":[{"taxonomy":"category","embeddable":true,"href":"https:\/\/blogg.improveme.se\/carinapernilla\/wp-json\/wp\/v2\/categories?post=10896"},{"taxonomy":"post_tag","embeddable":true,"href":"https:\/\/blogg.improveme.se\/carinapernilla\/wp-json\/wp\/v2\/tags?post=10896"}],"curies":[{"name":"wp","href":"https:\/\/api.w.org\/{rel}","templated":true}]}}