{"id":11183,"date":"2014-12-09T21:51:57","date_gmt":"2014-12-09T19:51:57","guid":{"rendered":"http:\/\/blogg.improveme.se\/carinapernilla\/?p=11183"},"modified":"2014-12-09T21:51:57","modified_gmt":"2014-12-09T19:51:57","slug":"radiointervju-rep","status":"publish","type":"post","link":"https:\/\/blogg.improveme.se\/carinapernilla\/2014\/12\/09\/radiointervju-rep\/","title":{"rendered":"Radiointervju &amp; Rep"},"content":{"rendered":"<p>Ont i halsen , h\u00e4ngig o slutk\u00f6rd , ja d\u00e4r befinner sig Carina idag. Men just nu finns det inte plats f\u00f6r ngn l\u00e4ngre risperiod. Dagen b\u00f6rjade med en trevlig radiointervju av Radio Wix.<br \/>\nStationen s\u00e4nder dygnet runt alla dagar i veckan med m\u00e5nga egenproducerade program, allt fr\u00e5n nyheter och reportage till rena musikprogram. Deras studio hittar du i Folkets hus vid Oxtorget i Valdemarsvik.<br \/>\nVi pratade f\u00f6rst\u00e5rs om Ny\u00e5rsrevyn &#8221;Ett rent n\u00f6je&#8221; som jag i \u00e5r regisserar.<\/p>\n<p>Resten av dagen har \u00e4gnats \u00e5t textinstudering , notplugg och planering av mina januarif\u00f6rest\u00e4llningar.<br \/>\nStor kram p\u00e5 er alla !! \ud83d\ude42 \ud83d\ude09 Carina<\/p>\n<p><a href=\"http:\/\/blogg.improveme.se\/carinapernilla\/files\/2014\/12\/IMG_3930.jpg\"><img decoding=\"async\" src=\"http:\/\/blogg.improveme.se\/carinapernilla\/files\/2014\/12\/IMG_3930.jpg\" alt=\"IMG_3930.JPG\" class=\"alignnone size-full\" \/><\/a><\/p>\n<p><a href=\"http:\/\/blogg.improveme.se\/carinapernilla\/files\/2014\/12\/IMG_3979.jpg\"><img decoding=\"async\" src=\"http:\/\/blogg.improveme.se\/carinapernilla\/files\/2014\/12\/IMG_3979.jpg\" alt=\"IMG_3979.JPG\" class=\"alignnone size-full\" \/><\/a><\/p>\n","protected":false},"excerpt":{"rendered":"<p>Ont i halsen , h\u00e4ngig o slutk\u00f6rd , ja d\u00e4r befinner sig Carina idag. Men just nu finns det inte plats f\u00f6r ngn l\u00e4ngre risperiod. Dagen b\u00f6rjade med en trevlig radiointervju av Radio Wix. Stationen s\u00e4nder dygnet runt alla dagar i veckan med m\u00e5nga egenproducerade program, allt fr\u00e5n nyheter och reportage till rena musikprogram. Deras &#8230; <a title=\"Radiointervju &amp; Rep\" class=\"read-more\" href=\"https:\/\/blogg.improveme.se\/carinapernilla\/2014\/12\/09\/radiointervju-rep\/\" aria-label=\"L\u00e4s mer om Radiointervju &amp; Rep\">L\u00e4s mer<\/a><\/p>\n","protected":false},"author":2243,"featured_media":0,"comment_status":"open","ping_status":"open","sticky":false,"template":"","format":"standard","meta":{"footnotes":""},"categories":[1],"tags":[],"class_list":["post-11183","post","type-post","status-publish","format-standard","hentry","category-okategoriserad"],"_links":{"self":[{"href":"https:\/\/blogg.improveme.se\/carinapernilla\/wp-json\/wp\/v2\/posts\/11183","targetHints":{"allow":["GET"]}}],"collection":[{"href":"https:\/\/blogg.improveme.se\/carinapernilla\/wp-json\/wp\/v2\/posts"}],"about":[{"href":"https:\/\/blogg.improveme.se\/carinapernilla\/wp-json\/wp\/v2\/types\/post"}],"author":[{"embeddable":true,"href":"https:\/\/blogg.improveme.se\/carinapernilla\/wp-json\/wp\/v2\/users\/2243"}],"replies":[{"embeddable":true,"href":"https:\/\/blogg.improveme.se\/carinapernilla\/wp-json\/wp\/v2\/comments?post=11183"}],"version-history":[{"count":0,"href":"https:\/\/blogg.improveme.se\/carinapernilla\/wp-json\/wp\/v2\/posts\/11183\/revisions"}],"wp:attachment":[{"href":"https:\/\/blogg.improveme.se\/carinapernilla\/wp-json\/wp\/v2\/media?parent=11183"}],"wp:term":[{"taxonomy":"category","embeddable":true,"href":"https:\/\/blogg.improveme.se\/carinapernilla\/wp-json\/wp\/v2\/categories?post=11183"},{"taxonomy":"post_tag","embeddable":true,"href":"https:\/\/blogg.improveme.se\/carinapernilla\/wp-json\/wp\/v2\/tags?post=11183"}],"curies":[{"name":"wp","href":"https:\/\/api.w.org\/{rel}","templated":true}]}}