{"id":1408,"date":"2012-07-10T20:37:15","date_gmt":"2012-07-10T18:37:15","guid":{"rendered":"http:\/\/blogg.improveme.se\/carinapernilla\/?p=1408"},"modified":"2012-07-10T20:38:21","modified_gmt":"2012-07-10T18:38:21","slug":"premiarbilder-igen","status":"publish","type":"post","link":"https:\/\/blogg.improveme.se\/carinapernilla\/2012\/07\/10\/premiarbilder-igen\/","title":{"rendered":"Premi\u00e4rbilder igen"},"content":{"rendered":"<p>P\u00e5 Cockpit premi\u00e4ren tr\u00e4ffade vi ocks\u00e5 Hanna Lindblad som gjort riktigt bra framtr\u00e4danden i Melodifestivalen de senaste \u00e5ren. Vi minns henne i Singing in the rain p\u00e5 Oscars. Hon \u00e4r faktiskt fr\u00e5n Motala och i h\u00f6st kommer hon p\u00e5 bes\u00f6k till Skandiateatern. Fler melodifestivaldeltagare hittade vi med Rodrigo o Ryde..carina vid pennan<\/p>\n<p><a href=\"http:\/\/blogg.improveme.se\/carinapernilla\/files\/2012\/07\/20120710-203704.jpg\"><img decoding=\"async\" src=\"http:\/\/blogg.improveme.se\/carinapernilla\/files\/2012\/07\/20120710-203704.jpg\" alt=\"20120710-203704.jpg\" class=\"alignnone size-full\" \/><\/a><\/p>\n<p><a href=\"http:\/\/blogg.improveme.se\/carinapernilla\/files\/2012\/07\/20120710-203737.jpg\"><img decoding=\"async\" src=\"http:\/\/blogg.improveme.se\/carinapernilla\/files\/2012\/07\/20120710-203737.jpg\" alt=\"20120710-203737.jpg\" class=\"alignnone size-full\" \/><\/a><\/p>\n<p><a href=\"http:\/\/blogg.improveme.se\/carinapernilla\/files\/2012\/07\/20120710-203809.jpg\"><img decoding=\"async\" src=\"http:\/\/blogg.improveme.se\/carinapernilla\/files\/2012\/07\/20120710-203809.jpg\" alt=\"20120710-203809.jpg\" class=\"alignnone size-full\" \/><\/a><\/p>\n","protected":false},"excerpt":{"rendered":"<p>P\u00e5 Cockpit premi\u00e4ren tr\u00e4ffade vi ocks\u00e5 Hanna Lindblad som gjort riktigt bra framtr\u00e4danden i Melodifestivalen de senaste \u00e5ren. Vi minns henne i Singing in the rain p\u00e5 Oscars. Hon \u00e4r faktiskt fr\u00e5n Motala och i h\u00f6st kommer hon p\u00e5 bes\u00f6k till Skandiateatern. Fler melodifestivaldeltagare hittade vi med Rodrigo o Ryde..carina vid pennan<\/p>\n","protected":false},"author":2243,"featured_media":0,"comment_status":"open","ping_status":"open","sticky":false,"template":"","format":"standard","meta":{"footnotes":""},"categories":[6],"tags":[],"class_list":["post-1408","post","type-post","status-publish","format-standard","hentry","category-carinas-uteliv"],"_links":{"self":[{"href":"https:\/\/blogg.improveme.se\/carinapernilla\/wp-json\/wp\/v2\/posts\/1408","targetHints":{"allow":["GET"]}}],"collection":[{"href":"https:\/\/blogg.improveme.se\/carinapernilla\/wp-json\/wp\/v2\/posts"}],"about":[{"href":"https:\/\/blogg.improveme.se\/carinapernilla\/wp-json\/wp\/v2\/types\/post"}],"author":[{"embeddable":true,"href":"https:\/\/blogg.improveme.se\/carinapernilla\/wp-json\/wp\/v2\/users\/2243"}],"replies":[{"embeddable":true,"href":"https:\/\/blogg.improveme.se\/carinapernilla\/wp-json\/wp\/v2\/comments?post=1408"}],"version-history":[{"count":0,"href":"https:\/\/blogg.improveme.se\/carinapernilla\/wp-json\/wp\/v2\/posts\/1408\/revisions"}],"wp:attachment":[{"href":"https:\/\/blogg.improveme.se\/carinapernilla\/wp-json\/wp\/v2\/media?parent=1408"}],"wp:term":[{"taxonomy":"category","embeddable":true,"href":"https:\/\/blogg.improveme.se\/carinapernilla\/wp-json\/wp\/v2\/categories?post=1408"},{"taxonomy":"post_tag","embeddable":true,"href":"https:\/\/blogg.improveme.se\/carinapernilla\/wp-json\/wp\/v2\/tags?post=1408"}],"curies":[{"name":"wp","href":"https:\/\/api.w.org\/{rel}","templated":true}]}}