{"id":173,"date":"2012-04-14T17:35:52","date_gmt":"2012-04-14T15:35:52","guid":{"rendered":"http:\/\/blogg.improveme.se\/carinapernilla\/?p=173"},"modified":"2012-04-14T17:35:52","modified_gmt":"2012-04-14T15:35:52","slug":"var-i-luften","status":"publish","type":"post","link":"https:\/\/blogg.improveme.se\/carinapernilla\/2012\/04\/14\/var-i-luften\/","title":{"rendered":"V\u00e5r i luften.."},"content":{"rendered":"<p><a href=\"http:\/\/blogg.improveme.se\/carinapernilla\/files\/2012\/04\/20120414-170123.jpg\"><img decoding=\"async\" src=\"http:\/\/blogg.improveme.se\/carinapernilla\/files\/2012\/04\/20120414-170123.jpg\" alt=\"20120414-170123.jpg\" class=\"alignnone size-full\" \/><\/a><br \/>\nGrillkv\u00e4llar vid poolen, verkar l\u00e5ta v\u00e4nta p\u00e5 sig..<br \/>\nJag lider inte av&#8221;v\u00e5rhybris&#8221;, tycker snarare det \u00e4r sk\u00f6nt att ha tr\u00f6jan nedkavlad \u00f6ver mina bleka armar ett tag till. Jag beh\u00f6ver inte v\u00e5rsolen f\u00f6r att k\u00e4nna gl\u00e4dje och heller inte regn f\u00f6r att k\u00e4nna vemod. V\u00e4drets makter \u00e4r kort sagt, inget jag orkar l\u00e4gga energi och tid p\u00e5 att elda upp mig \u00f6ver.. Men trots min svaga v\u00e5river kan jag \u00e4nd\u00e5 tycka att detta \u00e4r lite v\u00e4l tjurigt av Kung Bore! \ud83d\ude1b \/ Pernilla<\/p>\n","protected":false},"excerpt":{"rendered":"<p>Grillkv\u00e4llar vid poolen, verkar l\u00e5ta v\u00e4nta p\u00e5 sig.. Jag lider inte av&#8221;v\u00e5rhybris&#8221;, tycker snarare det \u00e4r sk\u00f6nt att ha tr\u00f6jan nedkavlad \u00f6ver mina bleka armar ett tag till. Jag beh\u00f6ver inte v\u00e5rsolen f\u00f6r att k\u00e4nna gl\u00e4dje och heller inte regn f\u00f6r att k\u00e4nna vemod. V\u00e4drets makter \u00e4r kort sagt, inget jag orkar l\u00e4gga energi och &#8230; <a title=\"V\u00e5r i luften..\" class=\"read-more\" href=\"https:\/\/blogg.improveme.se\/carinapernilla\/2012\/04\/14\/var-i-luften\/\" aria-label=\"L\u00e4s mer om V\u00e5r i luften..\">L\u00e4s mer<\/a><\/p>\n","protected":false},"author":2243,"featured_media":0,"comment_status":"open","ping_status":"open","sticky":false,"template":"","format":"standard","meta":{"footnotes":""},"categories":[4],"tags":[],"class_list":["post-173","post","type-post","status-publish","format-standard","hentry","category-pernilla"],"_links":{"self":[{"href":"https:\/\/blogg.improveme.se\/carinapernilla\/wp-json\/wp\/v2\/posts\/173","targetHints":{"allow":["GET"]}}],"collection":[{"href":"https:\/\/blogg.improveme.se\/carinapernilla\/wp-json\/wp\/v2\/posts"}],"about":[{"href":"https:\/\/blogg.improveme.se\/carinapernilla\/wp-json\/wp\/v2\/types\/post"}],"author":[{"embeddable":true,"href":"https:\/\/blogg.improveme.se\/carinapernilla\/wp-json\/wp\/v2\/users\/2243"}],"replies":[{"embeddable":true,"href":"https:\/\/blogg.improveme.se\/carinapernilla\/wp-json\/wp\/v2\/comments?post=173"}],"version-history":[{"count":0,"href":"https:\/\/blogg.improveme.se\/carinapernilla\/wp-json\/wp\/v2\/posts\/173\/revisions"}],"wp:attachment":[{"href":"https:\/\/blogg.improveme.se\/carinapernilla\/wp-json\/wp\/v2\/media?parent=173"}],"wp:term":[{"taxonomy":"category","embeddable":true,"href":"https:\/\/blogg.improveme.se\/carinapernilla\/wp-json\/wp\/v2\/categories?post=173"},{"taxonomy":"post_tag","embeddable":true,"href":"https:\/\/blogg.improveme.se\/carinapernilla\/wp-json\/wp\/v2\/tags?post=173"}],"curies":[{"name":"wp","href":"https:\/\/api.w.org\/{rel}","templated":true}]}}