{"id":10375,"date":"2013-10-19T09:49:09","date_gmt":"2013-10-19T07:49:09","guid":{"rendered":"http:\/\/blogg.improveme.se\/desiree\/?p=10375"},"modified":"2013-10-19T09:49:10","modified_gmt":"2013-10-19T07:49:10","slug":"lordag-18","status":"publish","type":"post","link":"https:\/\/blogg.improveme.se\/desiree\/2013\/10\/19\/lordag-18\/","title":{"rendered":"L\u00f6rdag!"},"content":{"rendered":"<p>\u00c5h jag \u00e4r s\u00e5\u00e5\u00e5\u00e5 laddad att ta an en helt ledig helg p\u00e5 ja, jag vet inte hur l\u00e4nge! <\/p>\n<p>Jag sitter i soffan och lyssnar p\u00e5 Isabel &amp; Rebeccas pod. Dricker mina tv\u00e5 koppar Lindvalls kaffe.<br \/>\nMen vet ni vad? Jag dricker bara kaffe fram till mitt p\u00e5 dagen nu f\u00f6r tiden, m\u00f6jligtvis om jag fikar p\u00e5 eftermiddagen, sen f\u00e5r det vara nog. Rent instinktivt s\u00e5 vet jag att jag inte ska\/kan dricka kaffe p\u00e5 kv\u00e4llen f\u00f6r min s\u00f6mn inte ska rubbas. I min familj h\u00e4ver vi det fr\u00e5n morgon till kv\u00e4ll liksom.<br \/>\nBlir lite full i skratt och samtidigt fascinerad \u00f6ver att jag g\u00f6r saker nu f\u00f6r tiden utan att jag m\u00e5ste &#8221;best\u00e4mma mig&#8221;. Det \u00e4r som att det sitter en liten person p\u00e5 min axel och styr vissa saker nu f\u00f6r tiden haaahaaa.<br \/>\nG\u00f6tt!<\/p>\n<p>Vad ska ni g\u00f6ra idag? Ut i solen vet ja och kramas och&#8230;drick kaffe!<\/p>\n<p>Puss och kram <\/p>\n<p><a href=\"http:\/\/blogg.improveme.se\/desiree\/files\/2013\/10\/20131019-093302.jpg\"><img decoding=\"async\" src=\"http:\/\/blogg.improveme.se\/desiree\/files\/2013\/10\/20131019-093302.jpg\" alt=\"20131019-093302.jpg\" class=\"alignnone size-full\" \/><\/a><\/p>\n<p><a href=\"http:\/\/blogg.improveme.se\/desiree\/files\/2013\/10\/20131019-093340.jpg\"><img decoding=\"async\" src=\"http:\/\/blogg.improveme.se\/desiree\/files\/2013\/10\/20131019-093340.jpg\" alt=\"20131019-093340.jpg\" class=\"alignnone size-full\" \/><\/a><\/p>\n","protected":false},"excerpt":{"rendered":"<p>\u00c5h jag \u00e4r s\u00e5\u00e5\u00e5\u00e5 laddad att ta an en helt ledig helg p\u00e5 ja, jag vet inte hur l\u00e4nge! Jag sitter i soffan och lyssnar p\u00e5 Isabel &amp; Rebeccas pod. Dricker mina tv\u00e5 koppar Lindvalls kaffe. Men vet ni vad? Jag dricker bara kaffe fram till mitt p\u00e5 dagen nu f\u00f6r tiden, m\u00f6jligtvis om jag &#8230; <a title=\"L\u00f6rdag!\" class=\"read-more\" href=\"https:\/\/blogg.improveme.se\/desiree\/2013\/10\/19\/lordag-18\/\" aria-label=\"L\u00e4s mer om L\u00f6rdag!\">L\u00e4s mer<\/a><\/p>\n","protected":false},"author":2145,"featured_media":0,"comment_status":"open","ping_status":"open","sticky":false,"template":"","format":"standard","meta":{"footnotes":""},"categories":[1],"tags":[],"class_list":["post-10375","post","type-post","status-publish","format-standard","hentry","category-okategoriserad"],"_links":{"self":[{"href":"https:\/\/blogg.improveme.se\/desiree\/wp-json\/wp\/v2\/posts\/10375","targetHints":{"allow":["GET"]}}],"collection":[{"href":"https:\/\/blogg.improveme.se\/desiree\/wp-json\/wp\/v2\/posts"}],"about":[{"href":"https:\/\/blogg.improveme.se\/desiree\/wp-json\/wp\/v2\/types\/post"}],"author":[{"embeddable":true,"href":"https:\/\/blogg.improveme.se\/desiree\/wp-json\/wp\/v2\/users\/2145"}],"replies":[{"embeddable":true,"href":"https:\/\/blogg.improveme.se\/desiree\/wp-json\/wp\/v2\/comments?post=10375"}],"version-history":[{"count":0,"href":"https:\/\/blogg.improveme.se\/desiree\/wp-json\/wp\/v2\/posts\/10375\/revisions"}],"wp:attachment":[{"href":"https:\/\/blogg.improveme.se\/desiree\/wp-json\/wp\/v2\/media?parent=10375"}],"wp:term":[{"taxonomy":"category","embeddable":true,"href":"https:\/\/blogg.improveme.se\/desiree\/wp-json\/wp\/v2\/categories?post=10375"},{"taxonomy":"post_tag","embeddable":true,"href":"https:\/\/blogg.improveme.se\/desiree\/wp-json\/wp\/v2\/tags?post=10375"}],"curies":[{"name":"wp","href":"https:\/\/api.w.org\/{rel}","templated":true}]}}