{"id":10473,"date":"2013-10-24T20:56:23","date_gmt":"2013-10-24T18:56:23","guid":{"rendered":"http:\/\/blogg.improveme.se\/desiree\/?p=10473"},"modified":"2013-10-24T21:01:07","modified_gmt":"2013-10-24T19:01:07","slug":"tbt","status":"publish","type":"post","link":"https:\/\/blogg.improveme.se\/desiree\/2013\/10\/24\/tbt\/","title":{"rendered":"Tbt"},"content":{"rendered":"<p>Tjeeeeeena!<\/p>\n<p>Idag har jag hunnit med att jobba tr\u00e4na och st\u00e4da l\u00e4genheten. Phuuuu. Nu kan helgen komma!<\/p>\n<p><strong>Imorgon kikar vi in Oskar Linnros f\u00f6r lite.. Jobbrelaterat kan man v\u00e4l s\u00e4ga. KUL SKA DET BLI!<\/strong><\/p>\n<p>Jag nattar er med en tbt-bild (throwback thursday f\u00f6r er som inte h\u00e4nger med) som min kusin Marlene taggade mig i idag. Fr\u00e5n ett sl\u00e4ktkalas f\u00f6r herrans massa \u00e5r sedan. Haaahaa ja vad ska man s\u00e4ga..det tog ett tag att hitta mig. Ser ni lilla killen med bl\u00e5vit thisha som str\u00e4cker ut armen? Det \u00e4r min kusin Eddie. Bakom honom kan man skymta ett blont litet knyte..d\u00e4r har ni mig. Gitarrspelarna \u00e4r inga mindre \u00e4n mina tv\u00e5 fastrar och deras storebror = min pappa &amp; lilla snubben som skrattar precis i mitten \u00e4r min bror Adam.<\/p>\n<p><em>(Inte undra p\u00e5 att jag gillar att sjunga n\u00e4r man ser den h\u00e4r bilden och inser vad man v\u00e4xt upp med)..<\/em><\/p>\n<p><a href=\"http:\/\/blogg.improveme.se\/desiree\/files\/2013\/10\/20131024-204043.jpg\"><img decoding=\"async\" class=\"alignnone size-full\" src=\"http:\/\/blogg.improveme.se\/desiree\/files\/2013\/10\/20131024-204043.jpg\" alt=\"20131024-204043.jpg\" \/><\/a><\/p>\n","protected":false},"excerpt":{"rendered":"<p>Tjeeeeeena! Idag har jag hunnit med att jobba tr\u00e4na och st\u00e4da l\u00e4genheten. Phuuuu. Nu kan helgen komma! Imorgon kikar vi in Oskar Linnros f\u00f6r lite.. Jobbrelaterat kan man v\u00e4l s\u00e4ga. KUL SKA DET BLI! Jag nattar er med en tbt-bild (throwback thursday f\u00f6r er som inte h\u00e4nger med) som min kusin Marlene taggade mig i &#8230; <a title=\"Tbt\" class=\"read-more\" href=\"https:\/\/blogg.improveme.se\/desiree\/2013\/10\/24\/tbt\/\" aria-label=\"L\u00e4s mer om Tbt\">L\u00e4s mer<\/a><\/p>\n","protected":false},"author":2145,"featured_media":0,"comment_status":"open","ping_status":"open","sticky":false,"template":"","format":"standard","meta":{"footnotes":""},"categories":[1],"tags":[],"class_list":["post-10473","post","type-post","status-publish","format-standard","hentry","category-okategoriserad"],"_links":{"self":[{"href":"https:\/\/blogg.improveme.se\/desiree\/wp-json\/wp\/v2\/posts\/10473","targetHints":{"allow":["GET"]}}],"collection":[{"href":"https:\/\/blogg.improveme.se\/desiree\/wp-json\/wp\/v2\/posts"}],"about":[{"href":"https:\/\/blogg.improveme.se\/desiree\/wp-json\/wp\/v2\/types\/post"}],"author":[{"embeddable":true,"href":"https:\/\/blogg.improveme.se\/desiree\/wp-json\/wp\/v2\/users\/2145"}],"replies":[{"embeddable":true,"href":"https:\/\/blogg.improveme.se\/desiree\/wp-json\/wp\/v2\/comments?post=10473"}],"version-history":[{"count":0,"href":"https:\/\/blogg.improveme.se\/desiree\/wp-json\/wp\/v2\/posts\/10473\/revisions"}],"wp:attachment":[{"href":"https:\/\/blogg.improveme.se\/desiree\/wp-json\/wp\/v2\/media?parent=10473"}],"wp:term":[{"taxonomy":"category","embeddable":true,"href":"https:\/\/blogg.improveme.se\/desiree\/wp-json\/wp\/v2\/categories?post=10473"},{"taxonomy":"post_tag","embeddable":true,"href":"https:\/\/blogg.improveme.se\/desiree\/wp-json\/wp\/v2\/tags?post=10473"}],"curies":[{"name":"wp","href":"https:\/\/api.w.org\/{rel}","templated":true}]}}