{"id":2355,"date":"2015-04-03T17:03:22","date_gmt":"2015-04-03T15:03:22","guid":{"rendered":"http:\/\/blogg.improveme.se\/dikteravnpn\/?p=2355"},"modified":"2015-04-03T20:02:07","modified_gmt":"2015-04-03T18:02:07","slug":"ni-kanske-undrar-eller-en-del-undrar","status":"publish","type":"post","link":"https:\/\/blogg.improveme.se\/dikteravnpn\/2015\/04\/03\/ni-kanske-undrar-eller-en-del-undrar\/","title":{"rendered":"Ni kanske undrar eller en del undrar"},"content":{"rendered":"<p>Kunde inte h\u00e5lla mig borta ifr\u00e5n bloggen s\u00e5 l\u00e4nge;O)<\/p>\n<p>Ni kanske undrar eller en del av er undrar om jag \u00e4r H\u00f6ger eller V\u00e4nster f\u00f6r det kan tyckas att jag \u00e4r b\u00e5de och d\u00e5 man l\u00e4ser mina inl\u00e4gg men egentligen tror jag att man ska vara sann mot sig sj\u00e4lv, \u00e5tminstone f\u00f6r min egen del, s\u00e5 \u00e4r jag \u00e4r varken eller utan ist\u00e4llet rent igenom en trevlig Liberal figur, f\u00f6r jag lyckas \u00e4nd\u00e5 inte hitta mig sj\u00e4lv r\u00e4tt n\u00e5gonstans s\u00e5 d\u00e4rf\u00f6r anser jag mig sj\u00e4lv som Liberal, f\u00f6r det blir \u00e4nd\u00e5 fel om man lyckas f\u00e5 mig i n\u00e5got konstigt samh\u00e4llsfack d\u00e4r jag \u00e4nd\u00e5 aldrig kommer h\u00f6ra hemma, men sann m\u00e4nniskodjurk\u00e4rlek \u00e4r nog den kraften som driver mig mest. Jag tror det blir sv\u00e5rt att \u00f6verleva som m\u00e4nniska om man str\u00e4var efter det ena eller det andra, f\u00f6r man blir \u00e4nd\u00e5 inte sann mot sig sj\u00e4lv i slut\u00e4ndan.<\/p>\n<p>*PUSSISS ALLA S\u00d6TISAR*<\/p>\n","protected":false},"excerpt":{"rendered":"<p>Kunde inte h\u00e5lla mig borta ifr\u00e5n bloggen s\u00e5 l\u00e4nge;O) Ni kanske undrar eller en del av er undrar om jag \u00e4r H\u00f6ger eller V\u00e4nster f\u00f6r det kan tyckas att jag \u00e4r b\u00e5de och d\u00e5 man l\u00e4ser mina inl\u00e4gg men egentligen tror jag att man ska vara sann mot sig sj\u00e4lv, \u00e5tminstone f\u00f6r min egen del, &#8230; <a title=\"Ni kanske undrar eller en del undrar\" class=\"read-more\" href=\"https:\/\/blogg.improveme.se\/dikteravnpn\/2015\/04\/03\/ni-kanske-undrar-eller-en-del-undrar\/\" aria-label=\"L\u00e4s mer om Ni kanske undrar eller en del undrar\">L\u00e4s mer<\/a><\/p>\n","protected":false},"author":1608,"featured_media":0,"comment_status":"open","ping_status":"open","sticky":false,"template":"","format":"standard","meta":{"footnotes":""},"categories":[1],"tags":[],"class_list":["post-2355","post","type-post","status-publish","format-standard","hentry","category-okategoriserad"],"_links":{"self":[{"href":"https:\/\/blogg.improveme.se\/dikteravnpn\/wp-json\/wp\/v2\/posts\/2355","targetHints":{"allow":["GET"]}}],"collection":[{"href":"https:\/\/blogg.improveme.se\/dikteravnpn\/wp-json\/wp\/v2\/posts"}],"about":[{"href":"https:\/\/blogg.improveme.se\/dikteravnpn\/wp-json\/wp\/v2\/types\/post"}],"author":[{"embeddable":true,"href":"https:\/\/blogg.improveme.se\/dikteravnpn\/wp-json\/wp\/v2\/users\/1608"}],"replies":[{"embeddable":true,"href":"https:\/\/blogg.improveme.se\/dikteravnpn\/wp-json\/wp\/v2\/comments?post=2355"}],"version-history":[{"count":0,"href":"https:\/\/blogg.improveme.se\/dikteravnpn\/wp-json\/wp\/v2\/posts\/2355\/revisions"}],"wp:attachment":[{"href":"https:\/\/blogg.improveme.se\/dikteravnpn\/wp-json\/wp\/v2\/media?parent=2355"}],"wp:term":[{"taxonomy":"category","embeddable":true,"href":"https:\/\/blogg.improveme.se\/dikteravnpn\/wp-json\/wp\/v2\/categories?post=2355"},{"taxonomy":"post_tag","embeddable":true,"href":"https:\/\/blogg.improveme.se\/dikteravnpn\/wp-json\/wp\/v2\/tags?post=2355"}],"curies":[{"name":"wp","href":"https:\/\/api.w.org\/{rel}","templated":true}]}}