{"id":2498,"date":"2015-04-15T10:15:30","date_gmt":"2015-04-15T08:15:30","guid":{"rendered":"http:\/\/blogg.improveme.se\/dikteravnpn\/?p=2498"},"modified":"2015-04-17T19:44:29","modified_gmt":"2015-04-17T17:44:29","slug":"tt-vara-en-sann-overklass-och-inte-som-idag-en-latsasoverklass-med-hjalpa-av-social-kapitalism","status":"publish","type":"post","link":"https:\/\/blogg.improveme.se\/dikteravnpn\/2015\/04\/15\/tt-vara-en-sann-overklass-och-inte-som-idag-en-latsasoverklass-med-hjalpa-av-social-kapitalism\/","title":{"rendered":"Att vara en sann \u00f6verklass och inte som idag en l\u00e5tsas\u00f6verklass med hj\u00e4lp av social kapitalism!"},"content":{"rendered":"<p>Tyv\u00e4rr var denna text lite luddigt skriven, men hoppas ni f\u00f6rst\u00e5r vad jag menar, jag orkar inte renskriva den mer:<\/p>\n<p>Idag kan alla alltifr\u00e5n kriminella till socialt ekonomiskt starka personer kalla sig f\u00f6r \u00f6verklass, men d\u00e5 man borde klassas som sann \u00f6verklass \u00e4r f\u00f6rst och fr\u00e4mst d\u00e5 man innehar en vacker fysik vilket inte ens v\u00e5ra s\u00e5 kallade l\u00e5tsask\u00e4ndisar i media ens, oftast innehar, sedan borde man dessutom veta att v\u00e5ld och aggression inte \u00e4r vardagsmat, utan ist\u00e4llet intelligens och k\u00e4rlek, bara en liten snabb reflektion, f\u00f6r idag g\u00f6r social kapitalism alla till osann \u00f6verklass tyv\u00e4rr, eller den som lyckas fj\u00e4ska sig igenom en f\u00f6rstelnad skolutbildning, men oftast hittar man tyv\u00e4rr ingen sann \u00f6verklass i v\u00e5ra finaste utbildningar dessv\u00e4rre, f\u00f6r det \u00e4r just d\u00e4r i v\u00e5ra finaste utbildningar de borde existera, men annars kanske de finns i v\u00e5ra socialiserade dv\u00e4rgf\u00f6retag, med lite tur eller otur, d\u00e4r de tvingas arbeta p\u00e5 grund av en social kapitalism medans deras sanna dr\u00f6mmar f\u00f6rst\u00f6rs, s\u00e5 d\u00e5 kan ni f\u00f6rst\u00e5 hur dumt detta samh\u00e4lle \u00e4r uppbyggt d\u00e5 m\u00e4nniskans vackraste f\u00e5r leva i m\u00f6rkret p\u00e5 grund av socialiserade idioter och en urbl\u00e5st social kapitalism, d\u00e5 m\u00e4nniskans vackraste borde regera detta samh\u00e4lle och v\u00e5ra v\u00e4rldsliga samh\u00e4llen, sj\u00e4lv tycker jag ibland att till och med Jesus var f\u00f6r sn\u00e4ll!<\/p>\n<p>Det \u00e4r massor av h\u00f6germ\u00e4nniskor och Moderater som inte ens \u00e4r \u00f6verklass fast\u00e4n att de tror det, f\u00f6r de r\u00e5kar ha massor av sociala pengar p\u00e5 sina bankkonton, sann \u00f6verklass finner man i alla samh\u00e4llsskikt, men ofta m\u00e5ste de kanske g\u00f6mma sig p\u00e5 grund av sann och ren avundsjuka som hela tiden sprider sig bland avundsjuka sociala individer.<\/p>\n<p>Till alla er som undrar var inte detta en H\u00f6gerinriktat inl\u00e4gg, f\u00f6r det kan misstolkas, f\u00f6r H\u00f6ger gillar givetvis social kapitalism och det g\u00f6r egentligen givetvis inte jag, jag skulle mer vilja kalla detta ett sant Liberalt inl\u00e4gg som vill f\u00f6rkrympta detta alltf\u00f6r sociala samh\u00e4lle som vi lever i, till ett mer sant k\u00e4rleksfullt samh\u00e4lle, d\u00e4r en m\u00e4nniska v\u00e5gar vara en sann m\u00e4nniska i sina sanna explosioner, d\u00e4r inte v\u00e5ra f\u00f6retag \u00e4ger m\u00e4nniskan utan m\u00e4nniskan f\u00e5r lov att \u00e4ga sig sj\u00e4lv!<\/p>\n<p>Bara en snabb reflektion!<\/p>\n<p>*PUSSISS ALLA S\u00d6TISAR*<\/p>\n","protected":false},"excerpt":{"rendered":"<p>Tyv\u00e4rr var denna text lite luddigt skriven, men hoppas ni f\u00f6rst\u00e5r vad jag menar, jag orkar inte renskriva den mer: Idag kan alla alltifr\u00e5n kriminella till socialt ekonomiskt starka personer kalla sig f\u00f6r \u00f6verklass, men d\u00e5 man borde klassas som sann \u00f6verklass \u00e4r f\u00f6rst och fr\u00e4mst d\u00e5 man innehar en vacker fysik vilket inte ens &#8230; <a title=\"Att vara en sann \u00f6verklass och inte som idag en l\u00e5tsas\u00f6verklass med hj\u00e4lp av social kapitalism!\" class=\"read-more\" href=\"https:\/\/blogg.improveme.se\/dikteravnpn\/2015\/04\/15\/tt-vara-en-sann-overklass-och-inte-som-idag-en-latsasoverklass-med-hjalpa-av-social-kapitalism\/\" aria-label=\"L\u00e4s mer om Att vara en sann \u00f6verklass och inte som idag en l\u00e5tsas\u00f6verklass med hj\u00e4lp av social kapitalism!\">L\u00e4s mer<\/a><\/p>\n","protected":false},"author":1608,"featured_media":0,"comment_status":"open","ping_status":"open","sticky":false,"template":"","format":"standard","meta":{"footnotes":""},"categories":[1],"tags":[],"class_list":["post-2498","post","type-post","status-publish","format-standard","hentry","category-okategoriserad"],"_links":{"self":[{"href":"https:\/\/blogg.improveme.se\/dikteravnpn\/wp-json\/wp\/v2\/posts\/2498","targetHints":{"allow":["GET"]}}],"collection":[{"href":"https:\/\/blogg.improveme.se\/dikteravnpn\/wp-json\/wp\/v2\/posts"}],"about":[{"href":"https:\/\/blogg.improveme.se\/dikteravnpn\/wp-json\/wp\/v2\/types\/post"}],"author":[{"embeddable":true,"href":"https:\/\/blogg.improveme.se\/dikteravnpn\/wp-json\/wp\/v2\/users\/1608"}],"replies":[{"embeddable":true,"href":"https:\/\/blogg.improveme.se\/dikteravnpn\/wp-json\/wp\/v2\/comments?post=2498"}],"version-history":[{"count":0,"href":"https:\/\/blogg.improveme.se\/dikteravnpn\/wp-json\/wp\/v2\/posts\/2498\/revisions"}],"wp:attachment":[{"href":"https:\/\/blogg.improveme.se\/dikteravnpn\/wp-json\/wp\/v2\/media?parent=2498"}],"wp:term":[{"taxonomy":"category","embeddable":true,"href":"https:\/\/blogg.improveme.se\/dikteravnpn\/wp-json\/wp\/v2\/categories?post=2498"},{"taxonomy":"post_tag","embeddable":true,"href":"https:\/\/blogg.improveme.se\/dikteravnpn\/wp-json\/wp\/v2\/tags?post=2498"}],"curies":[{"name":"wp","href":"https:\/\/api.w.org\/{rel}","templated":true}]}}