{"id":2647,"date":"2015-04-22T09:07:18","date_gmt":"2015-04-22T07:07:18","guid":{"rendered":"http:\/\/blogg.improveme.se\/dikteravnpn\/?p=2647"},"modified":"2015-04-24T20:09:41","modified_gmt":"2015-04-24T18:09:41","slug":"om-det-anda-skall-heta-och-finnas-nagonting-som-kapitalism","status":"publish","type":"post","link":"https:\/\/blogg.improveme.se\/dikteravnpn\/2015\/04\/22\/om-det-anda-skall-heta-och-finnas-nagonting-som-kapitalism\/","title":{"rendered":"Om det \u00e4nd\u00e5 skall heta och finnas n\u00e5gonting som Kapitalism?"},"content":{"rendered":"<p>Om det \u00e4nd\u00e5 skall finnas n\u00e5gonting som Kapitalism s\u00e5 borde det \u00e5tminstone iallafall vara v\u00e4rt namnet, som just r\u00e5kar vara &#8221;Kapitalism eller Kapital&#8221; idag kan man v\u00e4rdera mindre intelligenta (strunt)produkter med Kapitalismens namn och tro att man g\u00f6r nytta f\u00f6r v\u00e4rldens rika och fattiga, men mest \u00e4r det dock bara f\u00f6r man bara har kommit p\u00e5 n\u00e5gonting som s\u00e4tter m\u00e4nniskan i socialt arbete, d\u00e5 till och med deras produkter inte ens h\u00e5ller den kvalit\u00e9 som produkten borde, utan \u00e4r skapade p\u00e5 l\u00f6pande band precis som den sociala m\u00e4nniskan blir skapade av en hierarkisk och f\u00f6rutbest\u00e4md skola som man kan tro att det \u00e4r i Nordkorea man lever i, f\u00f6r det \u00e4r tyv\u00e4rr s\u00e5 b\u00e5de Svenska och andra l\u00e4nders skolor fortfarande fungerar och ser ut. <\/p>\n<p>Det \u00e4r samma sak, social kapitalism som v\u00e5ra f\u00f6rtyckande skolor d\u00e4r man best\u00e4mmer \u00f6ver sina elevers liv och eleven har oftast inget val mer \u00e4n att fj\u00e4ska sig vidare till n\u00e5got redan f\u00f6rutbest\u00e4mt m\u00e5l, som redan andra best\u00e4mt om alla skolelevers liv och det ser tyv\u00e4rr iallafall lika tr\u00e5kigt ut nu som p\u00e5 80-talet, f\u00f6rutom att alla elever numera har sina egna datorer(Yeah! Macintosh och PC mirakel), vilken oerh\u00f6rd variation medans grundkonceptet \u00e4r det samma, att en l\u00e4rare st\u00e5r framme vid svarta tavlan och dikterar ut och best\u00e4mmer sina elevers tillvaro, med samma gamla tr\u00e5kiga \u00e4mnen och sedan \u00e4r det bara att klarar sig s\u00e5 b\u00e4sta man vill och kan, medans Kapitalismen sm\u00e5ler \u00e5t de stackars liven och sitter vidare p\u00e5 allt socialt Kapital, som de stackars liven kanske inte f\u00e5r se skymten av f\u00f6rr\u00e4n deras k\u00e4rleksfulla f\u00f6r\u00e4ldrar d\u00f6r bort en g\u00e5ng i framtiden. <\/p>\n<p>Med tanke p\u00e5 att de flesta produkter som s\u00e4ljs idag i v\u00e5ra butiker \u00e4r s\u00e5 socialt framtagna av v\u00e5ra f\u00f6retag och d\u00e4rtill beg\u00e4r dom alltid vidare av oss att vi skall se upp till dem som en superidol popstj\u00e4rna till Diktatorer, d\u00e5 de vidare s\u00e4ljer oss alla dessa s\u00e5 ganska (o)unikt skapade likgiltiga produkter som poppar upp i v\u00e5ra butiker och deras f\u00f6retagsanst\u00e4llda f\u00e5r leva vidare p\u00e5 sina sv\u00e4ltl\u00f6ner, s\u00e5 att styrelsen i f\u00f6retaget kan leva vidare i lyx, tillsammans med sitt sociala kapital, kan det bli mer socialt nej knappast och dessutom ser s\u00e4kert ungef\u00e4r 90% av alla de anst\u00e4llda sociala ut, inga hypernaturligt vackra individer direkt.  <\/p>\n<p>F\u00f6r att f\u00f6rfatta klart texten enkelt: Kapitalism har absolut inte alls med sann Liberalism att g\u00f6ra om man dock inte kan se Liberalism i sitt egna \u00f6ppnade f\u00f6retag, men ofta blir det iallafall alltid och tillslut social Kapitalism som styr f\u00f6retaget, med mycket f\u00e5 undantag!<\/p>\n<p>Det k\u00e4nns som n\u00e4stan hela Kinnevikkoncernen best\u00e5r av billiga Satanister s\u00e5 dom om n\u00e5gon borde veta<br \/>\nvad Sociala m\u00e4nniskor och Social Kapitalism inneb\u00e4r, det \u00e4r givetvis inte bara Kinnevikkoncernen;O)<\/p>\n<p>-Visst v\u00e5gar jag skriva vad jag tycker-<\/p>\n<p>*PUSSISS ALLA S\u00d6TISAR*<\/p>\n","protected":false},"excerpt":{"rendered":"<p>Om det \u00e4nd\u00e5 skall finnas n\u00e5gonting som Kapitalism s\u00e5 borde det \u00e5tminstone iallafall vara v\u00e4rt namnet, som just r\u00e5kar vara &#8221;Kapitalism eller Kapital&#8221; idag kan man v\u00e4rdera mindre intelligenta (strunt)produkter med Kapitalismens namn och tro att man g\u00f6r nytta f\u00f6r v\u00e4rldens rika och fattiga, men mest \u00e4r det dock bara f\u00f6r man bara har kommit &#8230; <a title=\"Om det \u00e4nd\u00e5 skall heta och finnas n\u00e5gonting som Kapitalism?\" class=\"read-more\" href=\"https:\/\/blogg.improveme.se\/dikteravnpn\/2015\/04\/22\/om-det-anda-skall-heta-och-finnas-nagonting-som-kapitalism\/\" aria-label=\"L\u00e4s mer om Om det \u00e4nd\u00e5 skall heta och finnas n\u00e5gonting som Kapitalism?\">L\u00e4s mer<\/a><\/p>\n","protected":false},"author":1608,"featured_media":0,"comment_status":"open","ping_status":"open","sticky":false,"template":"","format":"standard","meta":{"footnotes":""},"categories":[1],"tags":[],"class_list":["post-2647","post","type-post","status-publish","format-standard","hentry","category-okategoriserad"],"_links":{"self":[{"href":"https:\/\/blogg.improveme.se\/dikteravnpn\/wp-json\/wp\/v2\/posts\/2647","targetHints":{"allow":["GET"]}}],"collection":[{"href":"https:\/\/blogg.improveme.se\/dikteravnpn\/wp-json\/wp\/v2\/posts"}],"about":[{"href":"https:\/\/blogg.improveme.se\/dikteravnpn\/wp-json\/wp\/v2\/types\/post"}],"author":[{"embeddable":true,"href":"https:\/\/blogg.improveme.se\/dikteravnpn\/wp-json\/wp\/v2\/users\/1608"}],"replies":[{"embeddable":true,"href":"https:\/\/blogg.improveme.se\/dikteravnpn\/wp-json\/wp\/v2\/comments?post=2647"}],"version-history":[{"count":0,"href":"https:\/\/blogg.improveme.se\/dikteravnpn\/wp-json\/wp\/v2\/posts\/2647\/revisions"}],"wp:attachment":[{"href":"https:\/\/blogg.improveme.se\/dikteravnpn\/wp-json\/wp\/v2\/media?parent=2647"}],"wp:term":[{"taxonomy":"category","embeddable":true,"href":"https:\/\/blogg.improveme.se\/dikteravnpn\/wp-json\/wp\/v2\/categories?post=2647"},{"taxonomy":"post_tag","embeddable":true,"href":"https:\/\/blogg.improveme.se\/dikteravnpn\/wp-json\/wp\/v2\/tags?post=2647"}],"curies":[{"name":"wp","href":"https:\/\/api.w.org\/{rel}","templated":true}]}}