{"id":2724,"date":"2015-04-24T15:44:10","date_gmt":"2015-04-24T13:44:10","guid":{"rendered":"http:\/\/blogg.improveme.se\/dikteravnpn\/?p=2724"},"modified":"2015-05-02T17:37:52","modified_gmt":"2015-05-02T15:37:52","slug":"jag-kanner-mig-sa-positiv-nu","status":"publish","type":"post","link":"https:\/\/blogg.improveme.se\/dikteravnpn\/2015\/04\/24\/jag-kanner-mig-sa-positiv-nu\/","title":{"rendered":"Jag k\u00e4nner mig s\u00e5 positiv nu&#8230;..!"},"content":{"rendered":"<p>Hej alla S\u00f6tisar!<\/p>\n<p>Jag k\u00e4nner mig s\u00e5 positiv nu, jag har b\u00f6rjat tr\u00e4na efter denna l\u00e5nga vinter och jag har \u00e4ven b\u00f6rjat tagit Nasonex s\u00e5 att hela n\u00e4sf\u00f6rkylning n\u00e4stan \u00e4r helt \u00f6ver och bortbl\u00e5st, jag har egentligen bara tre mediciner jag tar, det \u00e4r Nasonex, Bricanyl(andningmedicin)vilket jag knappast inte anv\u00e4nder bara d\u00e5 jag storst\u00e4dar p\u00e5grund av allt damm och V\u00e4rktablett typ Ipren, s\u00e5 tar jag \u00e4ven Berocca(vitamintablett) \u00e4ven om det inte \u00e4r en medicin, man k\u00e4nner verkligen att solen tittar fram och lyckligare blir man som m\u00e4nniska, mina dagar flyter l\u00e4ttare fram nu, d\u00e5 man b\u00f6rjat tr\u00e4na igen;O)<\/p>\n<p>Sedan k\u00f6per jag ocks\u00e5 en Flourflaska p\u00e5 Apoteket varje m\u00e5nad, eller mer s\u00e4llan eller d\u00e5 det beh\u00f6vs;O)<\/p>\n<p>Jag skulle egentligen bara beh\u00f6va inf\u00f6rskaffa mig en cykel, s\u00e5 skulle min tr\u00e4ning vara fullbordad;O)<\/p>\n<p>*PUSSISS ALLA S\u00d6TISAR*<\/p>\n","protected":false},"excerpt":{"rendered":"<p>Hej alla S\u00f6tisar! Jag k\u00e4nner mig s\u00e5 positiv nu, jag har b\u00f6rjat tr\u00e4na efter denna l\u00e5nga vinter och jag har \u00e4ven b\u00f6rjat tagit Nasonex s\u00e5 att hela n\u00e4sf\u00f6rkylning n\u00e4stan \u00e4r helt \u00f6ver och bortbl\u00e5st, jag har egentligen bara tre mediciner jag tar, det \u00e4r Nasonex, Bricanyl(andningmedicin)vilket jag knappast inte anv\u00e4nder bara d\u00e5 jag storst\u00e4dar p\u00e5grund &#8230; <a title=\"Jag k\u00e4nner mig s\u00e5 positiv nu&#8230;..!\" class=\"read-more\" href=\"https:\/\/blogg.improveme.se\/dikteravnpn\/2015\/04\/24\/jag-kanner-mig-sa-positiv-nu\/\" aria-label=\"L\u00e4s mer om Jag k\u00e4nner mig s\u00e5 positiv nu&#8230;..!\">L\u00e4s mer<\/a><\/p>\n","protected":false},"author":1608,"featured_media":0,"comment_status":"open","ping_status":"open","sticky":false,"template":"","format":"standard","meta":{"footnotes":""},"categories":[1],"tags":[],"class_list":["post-2724","post","type-post","status-publish","format-standard","hentry","category-okategoriserad"],"_links":{"self":[{"href":"https:\/\/blogg.improveme.se\/dikteravnpn\/wp-json\/wp\/v2\/posts\/2724","targetHints":{"allow":["GET"]}}],"collection":[{"href":"https:\/\/blogg.improveme.se\/dikteravnpn\/wp-json\/wp\/v2\/posts"}],"about":[{"href":"https:\/\/blogg.improveme.se\/dikteravnpn\/wp-json\/wp\/v2\/types\/post"}],"author":[{"embeddable":true,"href":"https:\/\/blogg.improveme.se\/dikteravnpn\/wp-json\/wp\/v2\/users\/1608"}],"replies":[{"embeddable":true,"href":"https:\/\/blogg.improveme.se\/dikteravnpn\/wp-json\/wp\/v2\/comments?post=2724"}],"version-history":[{"count":0,"href":"https:\/\/blogg.improveme.se\/dikteravnpn\/wp-json\/wp\/v2\/posts\/2724\/revisions"}],"wp:attachment":[{"href":"https:\/\/blogg.improveme.se\/dikteravnpn\/wp-json\/wp\/v2\/media?parent=2724"}],"wp:term":[{"taxonomy":"category","embeddable":true,"href":"https:\/\/blogg.improveme.se\/dikteravnpn\/wp-json\/wp\/v2\/categories?post=2724"},{"taxonomy":"post_tag","embeddable":true,"href":"https:\/\/blogg.improveme.se\/dikteravnpn\/wp-json\/wp\/v2\/tags?post=2724"}],"curies":[{"name":"wp","href":"https:\/\/api.w.org\/{rel}","templated":true}]}}