{"id":2837,"date":"2015-08-29T09:53:22","date_gmt":"2015-08-29T07:53:22","guid":{"rendered":"http:\/\/blogg.improveme.se\/dikteravnpn\/?p=2837"},"modified":"2015-08-30T10:07:01","modified_gmt":"2015-08-30T08:07:01","slug":"lundbergs-har-begavats-med-universums-samsta-vaktmastare-det-bara-lyser-ful-socialdemokrati-om-honom","status":"publish","type":"post","link":"https:\/\/blogg.improveme.se\/dikteravnpn\/2015\/08\/29\/lundbergs-har-begavats-med-universums-samsta-vaktmastare-det-bara-lyser-ful-socialdemokrati-om-honom\/","title":{"rendered":"Lundbergs har beg\u00e5vats med Universums s\u00e4msta vaktm\u00e4stare, det bara lyser ful socialdemokrati om honom!"},"content":{"rendered":"<p>Har inte skrivit till er p\u00e5 ett tag, men nu s\u00e5 k\u00e4ndes det som jag hade n\u00e5gonting att f\u00f6rmedla!<\/p>\n<p>Lundbergs har tydligen beg\u00e5vats med Universums s\u00e4msta vaktm\u00e4stare, han blev v\u00e4l mest anst\u00e4lld f\u00f6r att f\u00f6ra psykiskt terror \u00f6ver sina hyresg\u00e4ster, eller \u00e5tminstone \u00f6ver dom han inte gillar och uppskattar, sj\u00e4lv ignorerar jag honom s\u00e5 fort det bara g\u00e5r, men det stora problemet \u00e4r att han inte vill l\u00e4mna ens psyke, egentligen borde jag st\u00e4mma Lundbergs, men nu bor man i Socialdemokratiska Norrk\u00f6ping s\u00e5 det \u00e4r ingen som bry sig, inte ens d\u00e5 man bor i Privata Lundbergs, bad en g\u00e5ng hans chef om att han skulle sparkas, men \u00e5 nej d\u00e5 blev chefen s\u00e5 socialt inst\u00e4llsam till denna vaktm\u00e4stare -n\u00e4 han g\u00f6r inget elak mot sina hyresg\u00e4ster-, nej det \u00e4r inte l\u00e4tt f\u00f6r honom att veta d\u00e5 han ej g\u00e5r hand i hand med denna vaktm\u00e4stare varje dag, f\u00f6r Lundbergs \u00e4r v\u00e4l det st\u00f6rsta och enda arbete denna vaktm\u00e4stare n\u00e5gonsin kommer att uppn\u00e5 med sitt liv, s\u00e5 han f\u00e5r v\u00e4l forts\u00e4tta fj\u00e4ska ihj\u00e4l sig f\u00f6r Lundbergs f\u00f6r min sympati kommer han aldrig att f\u00e5, social kompetens och &#8221;service minded&#8221; g\u00e4ller inte denna person det kan jag lova!<\/p>\n<p>Har ni problem med idioter i er n\u00e4rvaro, g\u00f6r som jag, g\u00f6r det elakaste vr\u00e5let ni kan till dom s\u00e5 f\u00f6rsvinner dom kanske f\u00f6r alltid och evigt, det beh\u00f6ver inte vara ett &#8221;Death Metal&#8221;vr\u00e5l, det kan vara n\u00e5gonting \u00e4nd\u00e5 v\u00e4rre och ibland om jag \u00e4r riktigt sn\u00e4ll, s\u00e5 brukar jag ge mersmak av min ljusaste orgasmst\u00e4mma d\u00e4refter!<\/p>\n<p>-Som Liberal v\u00e5gar man umg\u00e5s med dom man vill och tvingar sig inte umg\u00e5s med dom man ej gillar-<\/p>\n<p>Borde kanske starta en ny typ av dessa fjantiga och f\u00e5niga Facebookgrupper:<\/p>\n<p>&#8221;VI SOM V\u00c5GAR HATA OCH G\u00d6RA MOTST\u00c5ND MOT ALLA D\u00c5LIGA VAKTM\u00c4STARE&#8221;<\/p>\n<p>Det \u00e4r v\u00e4l Hell\u00b4s Barbies(Hells Angeles) som anst\u00e4llt b\u00e5de honom och hans chef, f\u00f6r att Lundbergs inte v\u00e5gar st\u00e5 emot alla dessa kriminella krafter som f\u00f6rblindar ljuset!!!!!!<\/p>\n<p>*PUSSISS ALLA K\u00c4RLEKSFULLA S\u00d6TISAR*<\/p>\n","protected":false},"excerpt":{"rendered":"<p>Har inte skrivit till er p\u00e5 ett tag, men nu s\u00e5 k\u00e4ndes det som jag hade n\u00e5gonting att f\u00f6rmedla! Lundbergs har tydligen beg\u00e5vats med Universums s\u00e4msta vaktm\u00e4stare, han blev v\u00e4l mest anst\u00e4lld f\u00f6r att f\u00f6ra psykiskt terror \u00f6ver sina hyresg\u00e4ster, eller \u00e5tminstone \u00f6ver dom han inte gillar och uppskattar, sj\u00e4lv ignorerar jag honom s\u00e5 fort &#8230; <a title=\"Lundbergs har beg\u00e5vats med Universums s\u00e4msta vaktm\u00e4stare, det bara lyser ful socialdemokrati om honom!\" class=\"read-more\" href=\"https:\/\/blogg.improveme.se\/dikteravnpn\/2015\/08\/29\/lundbergs-har-begavats-med-universums-samsta-vaktmastare-det-bara-lyser-ful-socialdemokrati-om-honom\/\" aria-label=\"L\u00e4s mer om Lundbergs har beg\u00e5vats med Universums s\u00e4msta vaktm\u00e4stare, det bara lyser ful socialdemokrati om honom!\">L\u00e4s mer<\/a><\/p>\n","protected":false},"author":1608,"featured_media":0,"comment_status":"open","ping_status":"open","sticky":false,"template":"","format":"standard","meta":{"footnotes":""},"categories":[1],"tags":[],"class_list":["post-2837","post","type-post","status-publish","format-standard","hentry","category-okategoriserad"],"_links":{"self":[{"href":"https:\/\/blogg.improveme.se\/dikteravnpn\/wp-json\/wp\/v2\/posts\/2837","targetHints":{"allow":["GET"]}}],"collection":[{"href":"https:\/\/blogg.improveme.se\/dikteravnpn\/wp-json\/wp\/v2\/posts"}],"about":[{"href":"https:\/\/blogg.improveme.se\/dikteravnpn\/wp-json\/wp\/v2\/types\/post"}],"author":[{"embeddable":true,"href":"https:\/\/blogg.improveme.se\/dikteravnpn\/wp-json\/wp\/v2\/users\/1608"}],"replies":[{"embeddable":true,"href":"https:\/\/blogg.improveme.se\/dikteravnpn\/wp-json\/wp\/v2\/comments?post=2837"}],"version-history":[{"count":0,"href":"https:\/\/blogg.improveme.se\/dikteravnpn\/wp-json\/wp\/v2\/posts\/2837\/revisions"}],"wp:attachment":[{"href":"https:\/\/blogg.improveme.se\/dikteravnpn\/wp-json\/wp\/v2\/media?parent=2837"}],"wp:term":[{"taxonomy":"category","embeddable":true,"href":"https:\/\/blogg.improveme.se\/dikteravnpn\/wp-json\/wp\/v2\/categories?post=2837"},{"taxonomy":"post_tag","embeddable":true,"href":"https:\/\/blogg.improveme.se\/dikteravnpn\/wp-json\/wp\/v2\/tags?post=2837"}],"curies":[{"name":"wp","href":"https:\/\/api.w.org\/{rel}","templated":true}]}}