{"id":2848,"date":"2015-08-29T16:47:27","date_gmt":"2015-08-29T14:47:27","guid":{"rendered":"http:\/\/blogg.improveme.se\/dikteravnpn\/?p=2848"},"modified":"2015-08-29T16:53:06","modified_gmt":"2015-08-29T14:53:06","slug":"att-vara-liberal-innebar-for-mig","status":"publish","type":"post","link":"https:\/\/blogg.improveme.se\/dikteravnpn\/2015\/08\/29\/att-vara-liberal-innebar-for-mig\/","title":{"rendered":"Att vara Liberal inneb\u00e4r f\u00f6r mig!"},"content":{"rendered":"<p>Att vara Liberal inneb\u00e4r framf\u00f6r allt f\u00f6r mig att f\u00e5 en chans att frig\u00f6ra sig fr\u00e5n Ondska och andra monotona och statiska saker(slaveri), det var nog en av de st\u00f6rsta anledningen till att jag framf\u00f6rallt och alltid s\u00e5 l\u00e5ng tid jag minns har varit eller velat vara Liberal, f\u00f6r i detta samh\u00e4lle som vi lever idag anser jag att det \u00e4r sv\u00e5rt att vara Liberal s\u00e5 d\u00e4rf\u00f6r ligger ondskan med l\u00e4tthet bakom h\u00f6rnet och lurar i alla dess slag, men givetvis inte alltid, men ofta k\u00e4nns det som det b\u00e4sta \u00e4r att man endast v\u00e5ga lita p\u00e5 sig sj\u00e4lv och det \u00e4r ett stort liberalt misslyckade f\u00f6r v\u00e5ra samh\u00e4llen, f\u00f6r det bygger ofta upp r\u00e4dslor och d\u00e4rtill ondska!<\/p>\n<p>Nu hinner jag inte skriva ner alla mina Liberala tankeg\u00e5ngar, kanske n\u00e5gon annan g\u00e5ng&#8230;.<\/p>\n<p>*PUSSISS ALLA S\u00d6TISAR*<\/p>\n","protected":false},"excerpt":{"rendered":"<p>Att vara Liberal inneb\u00e4r framf\u00f6r allt f\u00f6r mig att f\u00e5 en chans att frig\u00f6ra sig fr\u00e5n Ondska och andra monotona och statiska saker(slaveri), det var nog en av de st\u00f6rsta anledningen till att jag framf\u00f6rallt och alltid s\u00e5 l\u00e5ng tid jag minns har varit eller velat vara Liberal, f\u00f6r i detta samh\u00e4lle som vi lever &#8230; <a title=\"Att vara Liberal inneb\u00e4r f\u00f6r mig!\" class=\"read-more\" href=\"https:\/\/blogg.improveme.se\/dikteravnpn\/2015\/08\/29\/att-vara-liberal-innebar-for-mig\/\" aria-label=\"L\u00e4s mer om Att vara Liberal inneb\u00e4r f\u00f6r mig!\">L\u00e4s mer<\/a><\/p>\n","protected":false},"author":1608,"featured_media":0,"comment_status":"open","ping_status":"open","sticky":false,"template":"","format":"standard","meta":{"footnotes":""},"categories":[1],"tags":[],"class_list":["post-2848","post","type-post","status-publish","format-standard","hentry","category-okategoriserad"],"_links":{"self":[{"href":"https:\/\/blogg.improveme.se\/dikteravnpn\/wp-json\/wp\/v2\/posts\/2848","targetHints":{"allow":["GET"]}}],"collection":[{"href":"https:\/\/blogg.improveme.se\/dikteravnpn\/wp-json\/wp\/v2\/posts"}],"about":[{"href":"https:\/\/blogg.improveme.se\/dikteravnpn\/wp-json\/wp\/v2\/types\/post"}],"author":[{"embeddable":true,"href":"https:\/\/blogg.improveme.se\/dikteravnpn\/wp-json\/wp\/v2\/users\/1608"}],"replies":[{"embeddable":true,"href":"https:\/\/blogg.improveme.se\/dikteravnpn\/wp-json\/wp\/v2\/comments?post=2848"}],"version-history":[{"count":0,"href":"https:\/\/blogg.improveme.se\/dikteravnpn\/wp-json\/wp\/v2\/posts\/2848\/revisions"}],"wp:attachment":[{"href":"https:\/\/blogg.improveme.se\/dikteravnpn\/wp-json\/wp\/v2\/media?parent=2848"}],"wp:term":[{"taxonomy":"category","embeddable":true,"href":"https:\/\/blogg.improveme.se\/dikteravnpn\/wp-json\/wp\/v2\/categories?post=2848"},{"taxonomy":"post_tag","embeddable":true,"href":"https:\/\/blogg.improveme.se\/dikteravnpn\/wp-json\/wp\/v2\/tags?post=2848"}],"curies":[{"name":"wp","href":"https:\/\/api.w.org\/{rel}","templated":true}]}}