{"id":70,"date":"2009-12-13T00:12:00","date_gmt":"2009-12-12T23:12:00","guid":{"rendered":"http:\/\/blogg.improveme.se\/dikteravnpn\/2009\/12\/13\/nanne-kudde-nu-sa-den-sista-dikten-nu\/"},"modified":"2009-12-13T00:12:00","modified_gmt":"2009-12-12T23:12:00","slug":"nanne-kudde-nu-sa-den-sista-dikten-nu","status":"publish","type":"post","link":"https:\/\/blogg.improveme.se\/dikteravnpn\/2009\/12\/13\/nanne-kudde-nu-sa-den-sista-dikten-nu\/","title":{"rendered":"Nanne kudde nu, s\u00e5 den sista dikten nu!"},"content":{"rendered":"<p><B><br \/>\n<P><FONT size=4>Nuets och framtidens stadsk\u00e4rna<\/FONT><\/P><\/B><br \/>\n<P><FONT size=4>Stadk\u00e4rnan gror sig starkare ju mer m\u00e4nniskorna f\u00f6rblir sociala i denna nya epok, i nuet och framtidens m\u00e4nniskov\u00e4rldar. <\/FONT><\/P><br \/>\n<P><FONT size=4>Dessto mer social m\u00e4nniskan blir och f\u00f6rblir dessto sv\u00e5rare blir det f\u00f6r individualisten att er\u00f6vra sig sj\u00e4lv n\u00e4r allting ligger uppradat f\u00f6r m\u00e4nniskan och det enda i m\u00e4nniskans tankeg\u00e5ngar f\u00f6rblir stelhet och allsidigt t\u00e4nkande och m\u00e4nniskans egensinniga(egensinna) individuella intellekt l\u00e5ngsamt tvinnar och f\u00f6rmultnar bort, till gl\u00e4dje f\u00f6r massan av sociala varelser som bara ser som det skall se ut f\u00f6r att gl\u00e4dja massan utan att ens riktigt veta varf\u00f6r eller d\u00e4rtill aldrig finna v\u00e4gen att f\u00f6r\u00e4ndra i alla dessa l\u00f6nl\u00f6sa f\u00f6rs\u00f6k. <\/FONT><\/P><br \/>\n<P><FONT size=4>Idagen och framtiden finner m\u00e4nniskan styrkan i att f\u00f6rbli r\u00e4dd och inst\u00e4llsam f\u00f6r att inte g\u00e5 under i skammen \u00f6ver sitt egna intellektuella intellekt som vill frig\u00f6ra sig, n\u00e4r andra agerar otrevliga penalister. <\/FONT><\/P><br \/>\n<P><FONT size=4>Att aldrig f\u00e5 lov att f\u00f6rb\u00e4ttra leder till underg\u00e5ng f\u00f6r individen, men samh\u00e4llet ser inte medlidandet i detta beteende utan hurrar iv\u00e4g sig in i en ibland s\u00e4mre framtid och hoppas ist\u00e4llet att ordna en b\u00e4ttre stadsk\u00e4rna av om\u00e4nskliga ideal som ett f\u00e5tal lyckas styra \u00f6ver i den sociala massan, f\u00f6r fortsatt om\u00e4nskligt lidande.<\/FONT><\/P><br \/>\n<P><FONT size=4>Stadsk\u00e4rnan ser hellre p\u00e5 vad du \u00e4r f\u00f6r en person, ist\u00e4llet f\u00f6r att se vad nytta du vill utr\u00e4tta, om du inte kan krypa dig fram i dess redan uppfixade stela tankev\u00e4rld. Ofullbordad k\u00e4rleksfull m\u00e4nsklig intelligens \u00e4r d\u00e5 och s\u00e5 f\u00f6runnat till de som anpassar sig b\u00e4st och inte s\u00e4mst till framtidens stadsk\u00e4rneideal, utan att aldrig det individuella intellektet f\u00e5r segra \u00f6ver stadsk\u00e4rneidealet.<\/FONT><\/P><br \/>\n<P><FONT size=4>Ordna dig till v\u00e5rat samh\u00e4lle s\u00e5 njuter du aldrig mera om det inte s\u00e5 var ordnat och d\u00e4rtill best\u00e4mt, individen blir det starka endast i dina dr\u00f6mmar, om du f\u00e5r till\u00e5telse att dr\u00f6mma, d\u00e5 du inte m\u00e5ste k\u00e4nna det m\u00f6rka inplanterade m\u00f6rkret i dina m\u00e4nskliga dr\u00f6mmar.<\/FONT><\/P><br \/>\n<P><FONT size=4>I nuet finns jag och endast jag, d\u00e5 jag inte vill \u00e4lska mer \u00e4n mig sj\u00e4lv i alla dess variationsm\u00f6jligheter som endast baseras p\u00e5 mig sj\u00e4lv och k\u00e4rlekskraften som vill sprida sig iv\u00e4g i livlighetsgl\u00e4djen sannaste mungipor och leendets s\u00f6taste gl\u00e4djet\u00e5rar, i mitt egna individuella inre som f\u00f6rhoppningsvis f\u00e5r komma ut i ljuset i mina k\u00e4rlekskapanden i den nya variationsrika stadsk\u00e4rnek\u00e4rleken.<\/FONT><\/P><br \/>\n<P><FONT size=4><\/FONT>&nbsp;<\/P><br \/>\n<P><FONT size=4>*PUSSISS*<\/FONT><\/P><\/p>\n","protected":false},"excerpt":{"rendered":"<p>Nuets och framtidens stadsk\u00e4rna Stadk\u00e4rnan gror sig starkare ju mer m\u00e4nniskorna f\u00f6rblir sociala i denna nya epok, i nuet och framtidens m\u00e4nniskov\u00e4rldar. Dessto mer social m\u00e4nniskan blir och f\u00f6rblir dessto sv\u00e5rare blir det f\u00f6r individualisten att er\u00f6vra sig sj\u00e4lv n\u00e4r allting ligger uppradat f\u00f6r m\u00e4nniskan och det enda i m\u00e4nniskans tankeg\u00e5ngar f\u00f6rblir stelhet och allsidigt &#8230; <a title=\"Nanne kudde nu, s\u00e5 den sista dikten nu!\" class=\"read-more\" href=\"https:\/\/blogg.improveme.se\/dikteravnpn\/2009\/12\/13\/nanne-kudde-nu-sa-den-sista-dikten-nu\/\" aria-label=\"L\u00e4s mer om Nanne kudde nu, s\u00e5 den sista dikten nu!\">L\u00e4s mer<\/a><\/p>\n","protected":false},"author":1608,"featured_media":0,"comment_status":"open","ping_status":"open","sticky":false,"template":"","format":"standard","meta":{"footnotes":""},"categories":[1],"tags":[],"class_list":["post-70","post","type-post","status-publish","format-standard","hentry","category-okategoriserad"],"_links":{"self":[{"href":"https:\/\/blogg.improveme.se\/dikteravnpn\/wp-json\/wp\/v2\/posts\/70","targetHints":{"allow":["GET"]}}],"collection":[{"href":"https:\/\/blogg.improveme.se\/dikteravnpn\/wp-json\/wp\/v2\/posts"}],"about":[{"href":"https:\/\/blogg.improveme.se\/dikteravnpn\/wp-json\/wp\/v2\/types\/post"}],"author":[{"embeddable":true,"href":"https:\/\/blogg.improveme.se\/dikteravnpn\/wp-json\/wp\/v2\/users\/1608"}],"replies":[{"embeddable":true,"href":"https:\/\/blogg.improveme.se\/dikteravnpn\/wp-json\/wp\/v2\/comments?post=70"}],"version-history":[{"count":0,"href":"https:\/\/blogg.improveme.se\/dikteravnpn\/wp-json\/wp\/v2\/posts\/70\/revisions"}],"wp:attachment":[{"href":"https:\/\/blogg.improveme.se\/dikteravnpn\/wp-json\/wp\/v2\/media?parent=70"}],"wp:term":[{"taxonomy":"category","embeddable":true,"href":"https:\/\/blogg.improveme.se\/dikteravnpn\/wp-json\/wp\/v2\/categories?post=70"},{"taxonomy":"post_tag","embeddable":true,"href":"https:\/\/blogg.improveme.se\/dikteravnpn\/wp-json\/wp\/v2\/tags?post=70"}],"curies":[{"name":"wp","href":"https:\/\/api.w.org\/{rel}","templated":true}]}}