{"id":76,"date":"2009-12-17T12:49:00","date_gmt":"2009-12-17T11:49:00","guid":{"rendered":"http:\/\/blogg.improveme.se\/dikteravnpn\/2009\/12\/17\/en-liten-snabb-dikt-som-jag-skrev-innan-jag-maste-ivag\/"},"modified":"2009-12-17T12:49:00","modified_gmt":"2009-12-17T11:49:00","slug":"en-liten-snabb-dikt-som-jag-skrev-innan-jag-maste-ivag","status":"publish","type":"post","link":"https:\/\/blogg.improveme.se\/dikteravnpn\/2009\/12\/17\/en-liten-snabb-dikt-som-jag-skrev-innan-jag-maste-ivag\/","title":{"rendered":"En liten snabb dikt som jag skrev innan jag m\u00e5ste iv\u00e4g!"},"content":{"rendered":"<p><P>Du t\u00e4nker s\u00f6nder och sliter s\u00f6nder dina tankar d\u00e5 du tillslut ler med din s\u00f6taste k\u00e4rleksfullaste mun i mungipornas varmaste skratt, s\u00e5 du aldrig mera k\u00e4nner n\u00e5gon \u00e5nger om framtidens s\u00f6taste verklighet och din k\u00e4rlek besannas i framtidens universum d\u00e5 v\u00e5ran nya rymdindustri kl\u00f6ser s\u00f6nder ditt sannaste k\u00e4rlekshj\u00e4rta och denna planet kan aldrig mera g\u00e5 s\u00f6nder f\u00f6r vi har v\u00e5rat&nbsp;nya starka universum som v\u00e4ntar p\u00e5 oss och den ger aldrig upp hoppet om den nya&nbsp;individuella m\u00e4nsklighetens kamper mot ondskan.<\/P><br \/>\n<P>Du stiger upp och dina framtidsf\u00f6tter vibrerar sig fram mot framtidens nya Rymdindustrifabrik, som du gladligen arbetar i utan att du slipper sk\u00e4mmas, f\u00f6r att du arbetar f\u00f6r ditt egna och framtidens b\u00e4sta som visar resultat f\u00f6r m\u00e4nsklighetens slutliga individualism\u00f6verlevnad.<\/P><br \/>\n<P><STRONG><EM>*PUSSISS*&nbsp;<\/EM><\/STRONG><\/P><br \/>\n<P><STRONG><EM>TREVLIG DAG<\/EM><\/STRONG><\/P><\/p>\n","protected":false},"excerpt":{"rendered":"<p>Du t\u00e4nker s\u00f6nder och sliter s\u00f6nder dina tankar d\u00e5 du tillslut ler med din s\u00f6taste k\u00e4rleksfullaste mun i mungipornas varmaste skratt, s\u00e5 du aldrig mera k\u00e4nner n\u00e5gon \u00e5nger om framtidens s\u00f6taste verklighet och din k\u00e4rlek besannas i framtidens universum d\u00e5 v\u00e5ran nya rymdindustri kl\u00f6ser s\u00f6nder ditt sannaste k\u00e4rlekshj\u00e4rta och denna planet kan aldrig mera g\u00e5 &#8230; <a title=\"En liten snabb dikt som jag skrev innan jag m\u00e5ste iv\u00e4g!\" class=\"read-more\" href=\"https:\/\/blogg.improveme.se\/dikteravnpn\/2009\/12\/17\/en-liten-snabb-dikt-som-jag-skrev-innan-jag-maste-ivag\/\" aria-label=\"L\u00e4s mer om En liten snabb dikt som jag skrev innan jag m\u00e5ste iv\u00e4g!\">L\u00e4s mer<\/a><\/p>\n","protected":false},"author":1608,"featured_media":0,"comment_status":"open","ping_status":"open","sticky":false,"template":"","format":"standard","meta":{"footnotes":""},"categories":[1],"tags":[],"class_list":["post-76","post","type-post","status-publish","format-standard","hentry","category-okategoriserad"],"_links":{"self":[{"href":"https:\/\/blogg.improveme.se\/dikteravnpn\/wp-json\/wp\/v2\/posts\/76","targetHints":{"allow":["GET"]}}],"collection":[{"href":"https:\/\/blogg.improveme.se\/dikteravnpn\/wp-json\/wp\/v2\/posts"}],"about":[{"href":"https:\/\/blogg.improveme.se\/dikteravnpn\/wp-json\/wp\/v2\/types\/post"}],"author":[{"embeddable":true,"href":"https:\/\/blogg.improveme.se\/dikteravnpn\/wp-json\/wp\/v2\/users\/1608"}],"replies":[{"embeddable":true,"href":"https:\/\/blogg.improveme.se\/dikteravnpn\/wp-json\/wp\/v2\/comments?post=76"}],"version-history":[{"count":0,"href":"https:\/\/blogg.improveme.se\/dikteravnpn\/wp-json\/wp\/v2\/posts\/76\/revisions"}],"wp:attachment":[{"href":"https:\/\/blogg.improveme.se\/dikteravnpn\/wp-json\/wp\/v2\/media?parent=76"}],"wp:term":[{"taxonomy":"category","embeddable":true,"href":"https:\/\/blogg.improveme.se\/dikteravnpn\/wp-json\/wp\/v2\/categories?post=76"},{"taxonomy":"post_tag","embeddable":true,"href":"https:\/\/blogg.improveme.se\/dikteravnpn\/wp-json\/wp\/v2\/tags?post=76"}],"curies":[{"name":"wp","href":"https:\/\/api.w.org\/{rel}","templated":true}]}}