{"id":86,"date":"2009-12-20T10:03:00","date_gmt":"2009-12-20T09:03:00","guid":{"rendered":"http:\/\/blogg.improveme.se\/dikteravnpn\/2009\/12\/20\/riksdagspolitiker-som-bloggar\/"},"modified":"2009-12-20T10:03:00","modified_gmt":"2009-12-20T09:03:00","slug":"riksdagspolitiker-som-bloggar","status":"publish","type":"post","link":"https:\/\/blogg.improveme.se\/dikteravnpn\/2009\/12\/20\/riksdagspolitiker-som-bloggar\/","title":{"rendered":"Riksdagspolitiker som bloggar!"},"content":{"rendered":"<p><P>Det k\u00e4nns lite som jag som ligger bakom detta med att Rikdsdagsledam\u00f6tespoltiker har b\u00f6rjat blogga p\u00e5 var och varannan av Sveriges Innebloggar.<\/P><br \/>\n<P>Hade jag sj\u00e4lv varit Riksdagsledamot, s\u00e5 hade jag f\u00f6rst och fr\u00e4mst sett till att g\u00f6r nytta f\u00f6r landet och sina medborgare och sedan hade jag p\u00e5b\u00f6rjat bloggandet p\u00e5 minimal fritid, ungef\u00e4r n\u00e5gon halvtimme i veckan, \u00e4ven om det \u00e4r bra att&nbsp;v\u00e5ra politiker engagerar sig i samh\u00e4llet och givietvis \u00e4r v\u00e4lkommna att blogga som alla andra. <\/P><br \/>\n<P>Hur som helst, nu \u00e4r jag inte s\u00e5 dum s\u00e5 jag sitter och f\u00f6rdummar mig sj\u00e4lv i Rikdsdaghuset, inget illa menat personligen till alla de riksdagspolitiker som bloggar, men jag vill bara att man i Riksdagen ska ta sitt ansvar och g\u00f6ra landet den nyttan man borde som Rikdagsledamot, speciellt d\u00e5 man tillh\u00f6r Alliansen, allting handlar inte om ekonomi och pengar&#8230;&#8230;!<\/P><br \/>\n<P>*Trevlig S\u00f6ndag*<\/P><\/p>\n","protected":false},"excerpt":{"rendered":"<p>Det k\u00e4nns lite som jag som ligger bakom detta med att Rikdsdagsledam\u00f6tespoltiker har b\u00f6rjat blogga p\u00e5 var och varannan av Sveriges Innebloggar. Hade jag sj\u00e4lv varit Riksdagsledamot, s\u00e5 hade jag f\u00f6rst och fr\u00e4mst sett till att g\u00f6r nytta f\u00f6r landet och sina medborgare och sedan hade jag p\u00e5b\u00f6rjat bloggandet p\u00e5 minimal fritid, ungef\u00e4r n\u00e5gon halvtimme &#8230; <a title=\"Riksdagspolitiker som bloggar!\" class=\"read-more\" href=\"https:\/\/blogg.improveme.se\/dikteravnpn\/2009\/12\/20\/riksdagspolitiker-som-bloggar\/\" aria-label=\"L\u00e4s mer om Riksdagspolitiker som bloggar!\">L\u00e4s mer<\/a><\/p>\n","protected":false},"author":1608,"featured_media":0,"comment_status":"open","ping_status":"open","sticky":false,"template":"","format":"standard","meta":{"footnotes":""},"categories":[1],"tags":[],"class_list":["post-86","post","type-post","status-publish","format-standard","hentry","category-okategoriserad"],"_links":{"self":[{"href":"https:\/\/blogg.improveme.se\/dikteravnpn\/wp-json\/wp\/v2\/posts\/86","targetHints":{"allow":["GET"]}}],"collection":[{"href":"https:\/\/blogg.improveme.se\/dikteravnpn\/wp-json\/wp\/v2\/posts"}],"about":[{"href":"https:\/\/blogg.improveme.se\/dikteravnpn\/wp-json\/wp\/v2\/types\/post"}],"author":[{"embeddable":true,"href":"https:\/\/blogg.improveme.se\/dikteravnpn\/wp-json\/wp\/v2\/users\/1608"}],"replies":[{"embeddable":true,"href":"https:\/\/blogg.improveme.se\/dikteravnpn\/wp-json\/wp\/v2\/comments?post=86"}],"version-history":[{"count":0,"href":"https:\/\/blogg.improveme.se\/dikteravnpn\/wp-json\/wp\/v2\/posts\/86\/revisions"}],"wp:attachment":[{"href":"https:\/\/blogg.improveme.se\/dikteravnpn\/wp-json\/wp\/v2\/media?parent=86"}],"wp:term":[{"taxonomy":"category","embeddable":true,"href":"https:\/\/blogg.improveme.se\/dikteravnpn\/wp-json\/wp\/v2\/categories?post=86"},{"taxonomy":"post_tag","embeddable":true,"href":"https:\/\/blogg.improveme.se\/dikteravnpn\/wp-json\/wp\/v2\/tags?post=86"}],"curies":[{"name":"wp","href":"https:\/\/api.w.org\/{rel}","templated":true}]}}