{"id":91,"date":"2009-12-20T18:33:00","date_gmt":"2009-12-20T17:33:00","guid":{"rendered":"http:\/\/blogg.improveme.se\/dikteravnpn\/2009\/12\/20\/rosta-pa-alliansen-ar-2010\/"},"modified":"2009-12-20T18:33:00","modified_gmt":"2009-12-20T17:33:00","slug":"rosta-pa-alliansen-ar-2010","status":"publish","type":"post","link":"https:\/\/blogg.improveme.se\/dikteravnpn\/2009\/12\/20\/rosta-pa-alliansen-ar-2010\/","title":{"rendered":"R\u00f6sta p\u00e5 Alliansen \u00c5r 2010!"},"content":{"rendered":"<p><P>T\u00e4nkte g\u00f6ra lite reklam f\u00f6r Muf och Alliansen! <\/P><br \/>\n<P>Nu p\u00e5 till och med en S\u00f6ndag den 4:e advent publicerar&nbsp;Muf.se mitt nya inl\u00e4gg&nbsp;som jag skrev p\u00e5&nbsp;samma dag p\u00e5 Muf.se webbsida, fast\u00e4n det \u00e4r S\u00f6ndag och den 4:e advent, det hedrar dom verkligen. <\/P><br \/>\n<P>Tror ni p\u00e5 individualismen s\u00e5 r\u00f6sta p\u00e5 Alliansen&nbsp;\u00c5r 2010, inte f\u00f6r att jag direkt anser att Alliansen \u00e4r p\u00e5 l\u00e5nga v\u00e4gar fullbordad s\u00e5 \u00e4r det iallafall b\u00e4ttre att r\u00f6sta p\u00e5 dem \u00e4n de R\u00f6da&#8230;!<\/P><br \/>\n<P>Tycka vad man vill om Kapitalismen som b\u00e5de \u00e4r bra och d\u00e5lig,&nbsp;men man&nbsp;f\u00e5r&nbsp; faktiskt mer pengar tillbaka i pl\u00e5nboken med en Alliansregering \u00e4n av de R\u00f6da och pengarna g\u00e5r inte till bara tokiga skatter \u00e4ven om det inte \u00e4r s\u00e5 bra \u00e4nnu,&nbsp;fast\u00e4n vi har en&nbsp;Alliansregering, men ju mera vi har en Alliansregering och tiden g\u00e5r s\u00e5 blir det kanske b\u00e4ttre och b\u00e4ttre iallafall!<\/P><br \/>\n<P>&nbsp;<\/P><br \/>\n<P>*TREVLIG S\u00d6NDAG*<\/P><\/p>\n","protected":false},"excerpt":{"rendered":"<p>T\u00e4nkte g\u00f6ra lite reklam f\u00f6r Muf och Alliansen! Nu p\u00e5 till och med en S\u00f6ndag den 4:e advent publicerar&nbsp;Muf.se mitt nya inl\u00e4gg&nbsp;som jag skrev p\u00e5&nbsp;samma dag p\u00e5 Muf.se webbsida, fast\u00e4n det \u00e4r S\u00f6ndag och den 4:e advent, det hedrar dom verkligen. Tror ni p\u00e5 individualismen s\u00e5 r\u00f6sta p\u00e5 Alliansen&nbsp;\u00c5r 2010, inte f\u00f6r att jag direkt &#8230; <a title=\"R\u00f6sta p\u00e5 Alliansen \u00c5r 2010!\" class=\"read-more\" href=\"https:\/\/blogg.improveme.se\/dikteravnpn\/2009\/12\/20\/rosta-pa-alliansen-ar-2010\/\" aria-label=\"L\u00e4s mer om R\u00f6sta p\u00e5 Alliansen \u00c5r 2010!\">L\u00e4s mer<\/a><\/p>\n","protected":false},"author":1608,"featured_media":0,"comment_status":"open","ping_status":"open","sticky":false,"template":"","format":"standard","meta":{"footnotes":""},"categories":[1],"tags":[],"class_list":["post-91","post","type-post","status-publish","format-standard","hentry","category-okategoriserad"],"_links":{"self":[{"href":"https:\/\/blogg.improveme.se\/dikteravnpn\/wp-json\/wp\/v2\/posts\/91","targetHints":{"allow":["GET"]}}],"collection":[{"href":"https:\/\/blogg.improveme.se\/dikteravnpn\/wp-json\/wp\/v2\/posts"}],"about":[{"href":"https:\/\/blogg.improveme.se\/dikteravnpn\/wp-json\/wp\/v2\/types\/post"}],"author":[{"embeddable":true,"href":"https:\/\/blogg.improveme.se\/dikteravnpn\/wp-json\/wp\/v2\/users\/1608"}],"replies":[{"embeddable":true,"href":"https:\/\/blogg.improveme.se\/dikteravnpn\/wp-json\/wp\/v2\/comments?post=91"}],"version-history":[{"count":0,"href":"https:\/\/blogg.improveme.se\/dikteravnpn\/wp-json\/wp\/v2\/posts\/91\/revisions"}],"wp:attachment":[{"href":"https:\/\/blogg.improveme.se\/dikteravnpn\/wp-json\/wp\/v2\/media?parent=91"}],"wp:term":[{"taxonomy":"category","embeddable":true,"href":"https:\/\/blogg.improveme.se\/dikteravnpn\/wp-json\/wp\/v2\/categories?post=91"},{"taxonomy":"post_tag","embeddable":true,"href":"https:\/\/blogg.improveme.se\/dikteravnpn\/wp-json\/wp\/v2\/tags?post=91"}],"curies":[{"name":"wp","href":"https:\/\/api.w.org\/{rel}","templated":true}]}}