{"id":10652,"date":"2012-12-04T16:37:02","date_gmt":"2012-12-04T15:37:02","guid":{"rendered":"http:\/\/www.ellenf.se\/?p=10652"},"modified":"2012-12-04T16:37:02","modified_gmt":"2012-12-04T15:37:02","slug":"idag-testas-4","status":"publish","type":"post","link":"https:\/\/blogg.improveme.se\/ellenf\/2012\/12\/04\/idag-testas-4\/","title":{"rendered":"Idag testas&#8230;"},"content":{"rendered":"<p>&#8230;nya l\u00e4ppglans fr\u00e5n <a href=\"http:\/\/se.oriflame.com\/\"><strong>Oriflame<\/strong><\/a>&#8230;<\/p>\n<p>&nbsp;<\/p>\n<p><img loading=\"lazy\" decoding=\"async\" class=\"aligncenter size-full wp-image-10653\" src=\"http:\/\/www.ellenf.se\/wp-content\/media\/2012\/12\/oriflame.jpg\" alt=\"\" width=\"2048\" height=\"2048\" \/><\/p>\n<p>&#8230; violettf\u00e4rgade m\u00e5nadslinser fr\u00e5n <a href=\"http:\/\/www.lenson.com\/se\/adore-dare-p-900.html\">ADORE.<\/a> som p\u00e5minner om cirkellinser dvs f\u00f6rstorar iris (bilder kommer s\u00e5klart)&#8230;<\/p>\n<p><img loading=\"lazy\" decoding=\"async\" class=\"aligncenter size-full wp-image-10655\" src=\"http:\/\/www.ellenf.se\/wp-content\/media\/2012\/12\/17.jpg\" alt=\"\" width=\"900\" height=\"900\" \/><\/p>\n<p>&#8230;karamellf\u00e4rgade v\u00e5rkul\u00f6rer fr\u00e5n <strong>DEPEND<\/strong>!<\/p>\n<p><img loading=\"lazy\" decoding=\"async\" class=\"aligncenter size-full wp-image-10659\" src=\"http:\/\/www.ellenf.se\/wp-content\/media\/2012\/12\/depend.jpg\" alt=\"\" width=\"527\" height=\"527\" \/><\/p>\n<p>&nbsp;<\/p>\n<p>Jag \u00e4r \u00e4ven <a href=\"http:\/\/www.depend.se\/\"><strong>DEPENDS<\/strong> <\/a>g\u00e4stbloggerska i december. Klicka p\u00e5 bilden nedan och l\u00e4s intervjun med mig!<\/p>\n<p style=\"text-align: center\"><a href=\"http:\/\/www.depend.se\/\"><img loading=\"lazy\" decoding=\"async\" class=\"aligncenter size-full wp-image-10661\" src=\"http:\/\/www.ellenf.se\/wp-content\/media\/2012\/12\/Sk\u00e4rmavbild-2012-12-04-kl.-16.48.43.png\" alt=\"\" width=\"319\" height=\"152\" \/><\/a><\/p>\n","protected":false},"excerpt":{"rendered":"<p>&#8230;nya l\u00e4ppglans fr\u00e5n Oriflame&#8230; &nbsp; &#8230; violettf\u00e4rgade m\u00e5nadslinser fr\u00e5n ADORE. som p\u00e5minner om cirkellinser dvs f\u00f6rstorar iris (bilder kommer s\u00e5klart)&#8230; &#8230;karamellf\u00e4rgade v\u00e5rkul\u00f6rer fr\u00e5n DEPEND! &nbsp; Jag \u00e4r \u00e4ven DEPENDS g\u00e4stbloggerska i december. Klicka p\u00e5 bilden nedan och l\u00e4s intervjun med mig!<\/p>\n","protected":false},"author":1,"featured_media":0,"comment_status":"open","ping_status":"closed","sticky":false,"template":"","format":"standard","meta":{"footnotes":""},"categories":[1],"tags":[],"class_list":["post-10652","post","type-post","status-publish","format-standard","hentry","category-okategoriserad"],"_links":{"self":[{"href":"https:\/\/blogg.improveme.se\/ellenf\/wp-json\/wp\/v2\/posts\/10652","targetHints":{"allow":["GET"]}}],"collection":[{"href":"https:\/\/blogg.improveme.se\/ellenf\/wp-json\/wp\/v2\/posts"}],"about":[{"href":"https:\/\/blogg.improveme.se\/ellenf\/wp-json\/wp\/v2\/types\/post"}],"author":[{"embeddable":true,"href":"https:\/\/blogg.improveme.se\/ellenf\/wp-json\/wp\/v2\/users\/1"}],"replies":[{"embeddable":true,"href":"https:\/\/blogg.improveme.se\/ellenf\/wp-json\/wp\/v2\/comments?post=10652"}],"version-history":[{"count":0,"href":"https:\/\/blogg.improveme.se\/ellenf\/wp-json\/wp\/v2\/posts\/10652\/revisions"}],"wp:attachment":[{"href":"https:\/\/blogg.improveme.se\/ellenf\/wp-json\/wp\/v2\/media?parent=10652"}],"wp:term":[{"taxonomy":"category","embeddable":true,"href":"https:\/\/blogg.improveme.se\/ellenf\/wp-json\/wp\/v2\/categories?post=10652"},{"taxonomy":"post_tag","embeddable":true,"href":"https:\/\/blogg.improveme.se\/ellenf\/wp-json\/wp\/v2\/tags?post=10652"}],"curies":[{"name":"wp","href":"https:\/\/api.w.org\/{rel}","templated":true}]}}