{"id":10724,"date":"2012-12-07T18:50:13","date_gmt":"2012-12-07T17:50:13","guid":{"rendered":"http:\/\/www.ellenf.se\/?p=10724"},"modified":"2012-12-07T18:50:13","modified_gmt":"2012-12-07T17:50:13","slug":"dagens-skonaste-kop-52","status":"publish","type":"post","link":"https:\/\/blogg.improveme.se\/ellenf\/2012\/12\/07\/dagens-skonaste-kop-52\/","title":{"rendered":"Dagens sk\u00f6naste k\u00f6p!"},"content":{"rendered":"<p><strong><img loading=\"lazy\" decoding=\"async\" class=\"aligncenter size-full wp-image-10725\" src=\"http:\/\/www.ellenf.se\/wp-content\/media\/2012\/12\/Sk\u00e4rmavbild-2012-12-06-kl.-12.45.43.png\" alt=\"\" width=\"489\" height=\"349\" \/><\/strong><\/p>\n<p>&nbsp;<\/p>\n<p>Jag har testat ett nya m\u00e5nadslinser som heter <a href=\"http:\/\/www.lenson.com\/se\/adore-dare-p-900.html\"><strong>ADORE Dare<\/strong><\/a> som var bekv\u00e4ma att anv\u00e4nda och gav en fin f\u00e4rg. De \u00e4r inte helt\u00e4ckande (opaka) utan avsedda f\u00f6r att f\u00f6rst\u00e4rka \u00f6gats naturliga f\u00e4rg och har en \u00e4venf\u00f6rstorande effekt. Likt cirkellinser definieras konturerna runt iris. ADORE \u00e4r italienska kvalitetslinser, k\u00e4nda f\u00f6r h\u00f6g komfort som h\u00e5ller hela dagen. V\u00e4lj en f\u00e4rg mest lik din egen f\u00f6r b\u00e4sta resultat!<\/p>\n<p><img loading=\"lazy\" decoding=\"async\" class=\"aligncenter size-full wp-image-10726\" src=\"http:\/\/www.ellenf.se\/wp-content\/media\/2012\/12\/Sk\u00e4rmavbild-2012-12-06-kl.-12.46.00.png\" alt=\"\" width=\"355\" height=\"129\" \/><\/p>\n<p>Jag borde enligt deras instruktioner ha valt gr\u00f6na (min egen \u00f6gonf\u00e4rg) men valde bl\u00e5 och p\u00e5 bilden nedan har jag allts\u00e5 nyansen <strong>Blue<\/strong>.<\/p>\n<p>&nbsp;<\/p>\n<p><img loading=\"lazy\" decoding=\"async\" class=\"aligncenter size-full wp-image-10727\" src=\"http:\/\/www.ellenf.se\/wp-content\/media\/2012\/12\/\u00d6GON1.jpg\" alt=\"\" width=\"375\" height=\"113\" \/><\/p>\n<p>&nbsp;<\/p>\n<p>Jag har ganska stora iris naturligt s\u00e5 jag fick inte s\u00e5 stor cirkeleffekt. D\u00e4remot blev mina \u00f6gon m\u00f6rkare och mer intensiva. Jag tycker de var fina \u2013 vad tycker ni?<\/p>\n<p><strong>Pris:<\/strong> 279 SEK (2 st\/box) p\u00e5 <a href=\"http:\/\/www.lenson.com\/se\/adore-dare-p-900.html\"><strong>Lenson.com<\/strong><\/a><\/p>\n<p>Just nu har du fri frakt om du anger rabattkoden <strong>XMAS12<\/strong> i varukorgen (Du sparar 39 kr). <strong>God Jul!<\/strong><\/p>\n<p>&nbsp;<\/p>\n","protected":false},"excerpt":{"rendered":"<p>&nbsp; Jag har testat ett nya m\u00e5nadslinser som heter ADORE Dare som var bekv\u00e4ma att anv\u00e4nda och gav en fin f\u00e4rg. De \u00e4r inte helt\u00e4ckande (opaka) utan avsedda f\u00f6r att f\u00f6rst\u00e4rka \u00f6gats naturliga f\u00e4rg och har en \u00e4venf\u00f6rstorande effekt. Likt cirkellinser definieras konturerna runt iris. ADORE \u00e4r italienska kvalitetslinser, k\u00e4nda f\u00f6r h\u00f6g komfort som h\u00e5ller &#8230; <a title=\"Dagens sk\u00f6naste k\u00f6p!\" class=\"read-more\" href=\"https:\/\/blogg.improveme.se\/ellenf\/2012\/12\/07\/dagens-skonaste-kop-52\/\" aria-label=\"L\u00e4s mer om Dagens sk\u00f6naste k\u00f6p!\">L\u00e4s mer<\/a><\/p>\n","protected":false},"author":1,"featured_media":0,"comment_status":"open","ping_status":"closed","sticky":false,"template":"","format":"standard","meta":{"footnotes":""},"categories":[1],"tags":[],"class_list":["post-10724","post","type-post","status-publish","format-standard","hentry","category-okategoriserad"],"_links":{"self":[{"href":"https:\/\/blogg.improveme.se\/ellenf\/wp-json\/wp\/v2\/posts\/10724","targetHints":{"allow":["GET"]}}],"collection":[{"href":"https:\/\/blogg.improveme.se\/ellenf\/wp-json\/wp\/v2\/posts"}],"about":[{"href":"https:\/\/blogg.improveme.se\/ellenf\/wp-json\/wp\/v2\/types\/post"}],"author":[{"embeddable":true,"href":"https:\/\/blogg.improveme.se\/ellenf\/wp-json\/wp\/v2\/users\/1"}],"replies":[{"embeddable":true,"href":"https:\/\/blogg.improveme.se\/ellenf\/wp-json\/wp\/v2\/comments?post=10724"}],"version-history":[{"count":0,"href":"https:\/\/blogg.improveme.se\/ellenf\/wp-json\/wp\/v2\/posts\/10724\/revisions"}],"wp:attachment":[{"href":"https:\/\/blogg.improveme.se\/ellenf\/wp-json\/wp\/v2\/media?parent=10724"}],"wp:term":[{"taxonomy":"category","embeddable":true,"href":"https:\/\/blogg.improveme.se\/ellenf\/wp-json\/wp\/v2\/categories?post=10724"},{"taxonomy":"post_tag","embeddable":true,"href":"https:\/\/blogg.improveme.se\/ellenf\/wp-json\/wp\/v2\/tags?post=10724"}],"curies":[{"name":"wp","href":"https:\/\/api.w.org\/{rel}","templated":true}]}}