{"id":10749,"date":"2012-12-08T17:51:23","date_gmt":"2012-12-08T16:51:23","guid":{"rendered":"http:\/\/www.ellenf.se\/?p=10749"},"modified":"2012-12-08T17:51:23","modified_gmt":"2012-12-08T16:51:23","slug":"ett-decennium-vanskap","status":"publish","type":"post","link":"https:\/\/blogg.improveme.se\/ellenf\/2012\/12\/08\/ett-decennium-vanskap\/","title":{"rendered":"Ett decennium v\u00e4nskap."},"content":{"rendered":"<p>Det blev inte Stockholm idag \u2013 ist\u00e4llet \u00f6l med v\u00e4nner h\u00e4r i V\u00e4xj\u00f6. Jag \u00e4r tacksam att jag har kvar n\u00e5gra &#8221; barndomsv\u00e4nner&#8221;\u00a0 h\u00e4r \u00e4ven om de inte \u00e4r m\u00e5nga.<\/p>\n<p>Jag och <strong>Fredri<\/strong>k tr\u00e4ffades f\u00f6r ungef\u00e4r 10 \u00e5r sedan p\u00e5 Stadshotellet i V\u00e4xj\u00f6. Det var ny\u00e5rsafton och jag var d\u00e4r med min b\u00e4stis Sara. Jag hade haft en crush p\u00e5 honom hela ton\u00e5ren p\u00e5 grund av hans f\u00e4rdigheter p\u00e5 skateboard. Plus att han var s\u00e5ngare i <a href=\"http:\/\/youtu.be\/oVgj_2qQzLQ\">ett band<\/a> jag \u00e4lskade. Im with the band liksom. Jag gick fram och gav honom ett komplimang f\u00f6r hans s\u00e5ngr\u00f6st och han erbj\u00f6d mig en hemlagad trer\u00e4tters middag. Middagen s\u00e5g jag aldrig r\u00f6ken av. D\u00e4remot dejtade vi i n\u00e5gra veckor. Det blev alla hj\u00e4rtans dag och jag fick deras band-t-shirt i present. Det s\u00e4ger v\u00e4l lite om inriktningen p\u00e5 v\u00e5rt &#8221;f\u00f6rh\u00e5llande&#8221;! En kv\u00e4ll skrev jag ett argt fylle-mail p\u00e5 msn och F svarade att han inte ville prata mer med mig och gick offline. D\u00e4r kunde historien ha slutat men av n\u00e5gon anledning blev vi ist\u00e4llet v\u00e4nner och har varit det i alla \u00e5r. Fredrik \u00e4r militant ateist, d\u00e5lig p\u00e5 att h\u00f6ra av sig och lite sj\u00e4lvcentrerad men jag \u00e4lskar honom. Han \u00e4r \u00e4ven intelligent, empatisk djurv\u00e4n, j\u00e4vligt rolig samt tar alla m\u00e4nniskor precis som de \u00e4r. Lite av en social kameleont. Nu har jag \u00e4ven haft turen att ha blivit j\u00e4ttebra v\u00e4n med hans flickv\u00e4n. Jag missade firandet av hans f\u00f6delsedag f\u00f6rra helgen d\u00e5 jag var sjuk men ska ta igen det ikv\u00e4ll. Han l\u00e4ser inte min blogg s\u00e5 jag kan avsl\u00f6ja att han ska f\u00e5 en flaska av Per Mobergs r\u00f6dvin och lite andra sm\u00e5saker.<\/p>\n<p>&nbsp;<\/p>\n<p><strong>I live in my own little world. But it\u00b4s ok, they know me here.<\/strong><\/p>\n<p><img loading=\"lazy\" decoding=\"async\" class=\"aligncenter size-full wp-image-10750\" src=\"http:\/\/www.ellenf.se\/wp-content\/media\/2012\/12\/307851_10150384955180993_304728342_n.jpg\" alt=\"\" width=\"640\" height=\"478\" \/><\/p>\n<p>&nbsp;<\/p>\n","protected":false},"excerpt":{"rendered":"<p>Det blev inte Stockholm idag \u2013 ist\u00e4llet \u00f6l med v\u00e4nner h\u00e4r i V\u00e4xj\u00f6. Jag \u00e4r tacksam att jag har kvar n\u00e5gra &#8221; barndomsv\u00e4nner&#8221;\u00a0 h\u00e4r \u00e4ven om de inte \u00e4r m\u00e5nga. Jag och Fredrik tr\u00e4ffades f\u00f6r ungef\u00e4r 10 \u00e5r sedan p\u00e5 Stadshotellet i V\u00e4xj\u00f6. Det var ny\u00e5rsafton och jag var d\u00e4r med min b\u00e4stis Sara. Jag &#8230; <a title=\"Ett decennium v\u00e4nskap.\" class=\"read-more\" href=\"https:\/\/blogg.improveme.se\/ellenf\/2012\/12\/08\/ett-decennium-vanskap\/\" aria-label=\"L\u00e4s mer om Ett decennium v\u00e4nskap.\">L\u00e4s mer<\/a><\/p>\n","protected":false},"author":1,"featured_media":0,"comment_status":"open","ping_status":"closed","sticky":false,"template":"","format":"standard","meta":{"footnotes":""},"categories":[1],"tags":[],"class_list":["post-10749","post","type-post","status-publish","format-standard","hentry","category-okategoriserad"],"_links":{"self":[{"href":"https:\/\/blogg.improveme.se\/ellenf\/wp-json\/wp\/v2\/posts\/10749","targetHints":{"allow":["GET"]}}],"collection":[{"href":"https:\/\/blogg.improveme.se\/ellenf\/wp-json\/wp\/v2\/posts"}],"about":[{"href":"https:\/\/blogg.improveme.se\/ellenf\/wp-json\/wp\/v2\/types\/post"}],"author":[{"embeddable":true,"href":"https:\/\/blogg.improveme.se\/ellenf\/wp-json\/wp\/v2\/users\/1"}],"replies":[{"embeddable":true,"href":"https:\/\/blogg.improveme.se\/ellenf\/wp-json\/wp\/v2\/comments?post=10749"}],"version-history":[{"count":0,"href":"https:\/\/blogg.improveme.se\/ellenf\/wp-json\/wp\/v2\/posts\/10749\/revisions"}],"wp:attachment":[{"href":"https:\/\/blogg.improveme.se\/ellenf\/wp-json\/wp\/v2\/media?parent=10749"}],"wp:term":[{"taxonomy":"category","embeddable":true,"href":"https:\/\/blogg.improveme.se\/ellenf\/wp-json\/wp\/v2\/categories?post=10749"},{"taxonomy":"post_tag","embeddable":true,"href":"https:\/\/blogg.improveme.se\/ellenf\/wp-json\/wp\/v2\/tags?post=10749"}],"curies":[{"name":"wp","href":"https:\/\/api.w.org\/{rel}","templated":true}]}}