{"id":10950,"date":"2012-12-15T20:14:24","date_gmt":"2012-12-15T19:14:24","guid":{"rendered":"http:\/\/www.ellenf.se\/?p=10950"},"modified":"2012-12-15T20:14:24","modified_gmt":"2012-12-15T19:14:24","slug":"ive-got-a-feeling","status":"publish","type":"post","link":"https:\/\/blogg.improveme.se\/ellenf\/2012\/12\/15\/ive-got-a-feeling\/","title":{"rendered":"Pics fr\u00e5n i l\u00f6rdags."},"content":{"rendered":"<p>Efter att ha g\u00e5tt igenom alla bilder kan jag konstatera att det inte var s\u00e5 m\u00e5nga som kunde publiceras ha ha!<\/p>\n<p>&nbsp;<\/p>\n<p><strong>Jag &amp; Anja innan g\u00e4sterna kom.<\/strong><\/p>\n<p><img loading=\"lazy\" decoding=\"async\" class=\"aligncenter size-full wp-image-10951\" src=\"http:\/\/www.ellenf.se\/wp-content\/media\/2012\/12\/Sk\u00e4rmavbild-2001-01-10-kl.-09.00.10.png\" alt=\"\" width=\"443\" height=\"560\" \/><\/p>\n<p><strong>Fr\u00e5n v\u00e4nster:<\/strong> <strong>Anja, Johan Muslimova &amp; hans flickv\u00e4n, min kompis Christoffer.<\/strong><\/p>\n<p><img loading=\"lazy\" decoding=\"async\" class=\"aligncenter size-full wp-image-10959\" src=\"http:\/\/www.ellenf.se\/wp-content\/media\/2012\/12\/Sk\u00e4rmavbild-2012-12-17-kl.-14.16.09.png\" alt=\"\" width=\"436\" height=\"572\" \/><\/p>\n<p><strong>Jag &amp; vackra Johan.<\/strong><\/p>\n<p><img loading=\"lazy\" decoding=\"async\" class=\"aligncenter size-full wp-image-11112\" src=\"http:\/\/www.ellenf.se\/wp-content\/media\/2012\/12\/14.jpg\" alt=\"\" width=\"458\" height=\"626\" \/><\/p>\n<p><strong>Soffh\u00e4ng 1<\/strong><\/p>\n<p><img loading=\"lazy\" decoding=\"async\" class=\"aligncenter size-full wp-image-10961\" src=\"http:\/\/www.ellenf.se\/wp-content\/media\/2012\/12\/Sk\u00e4rmavbild-2012-12-17-kl.-14.22.12.png\" alt=\"\" width=\"832\" height=\"636\" \/><\/p>\n<p><strong>Soffh\u00e4ng 2<\/strong><\/p>\n<p><img loading=\"lazy\" decoding=\"async\" class=\"aligncenter size-full wp-image-10962\" src=\"http:\/\/www.ellenf.se\/wp-content\/media\/2012\/12\/fest2.jpg\" alt=\"\" width=\"507\" height=\"372\" \/><\/p>\n","protected":false},"excerpt":{"rendered":"<p>Efter att ha g\u00e5tt igenom alla bilder kan jag konstatera att det inte var s\u00e5 m\u00e5nga som kunde publiceras ha ha! &nbsp; Jag &amp; Anja innan g\u00e4sterna kom. Fr\u00e5n v\u00e4nster: Anja, Johan Muslimova &amp; hans flickv\u00e4n, min kompis Christoffer. Jag &amp; vackra Johan. Soffh\u00e4ng 1 Soffh\u00e4ng 2<\/p>\n","protected":false},"author":1,"featured_media":0,"comment_status":"open","ping_status":"closed","sticky":false,"template":"","format":"standard","meta":{"footnotes":""},"categories":[1],"tags":[],"class_list":["post-10950","post","type-post","status-publish","format-standard","hentry","category-okategoriserad"],"_links":{"self":[{"href":"https:\/\/blogg.improveme.se\/ellenf\/wp-json\/wp\/v2\/posts\/10950","targetHints":{"allow":["GET"]}}],"collection":[{"href":"https:\/\/blogg.improveme.se\/ellenf\/wp-json\/wp\/v2\/posts"}],"about":[{"href":"https:\/\/blogg.improveme.se\/ellenf\/wp-json\/wp\/v2\/types\/post"}],"author":[{"embeddable":true,"href":"https:\/\/blogg.improveme.se\/ellenf\/wp-json\/wp\/v2\/users\/1"}],"replies":[{"embeddable":true,"href":"https:\/\/blogg.improveme.se\/ellenf\/wp-json\/wp\/v2\/comments?post=10950"}],"version-history":[{"count":0,"href":"https:\/\/blogg.improveme.se\/ellenf\/wp-json\/wp\/v2\/posts\/10950\/revisions"}],"wp:attachment":[{"href":"https:\/\/blogg.improveme.se\/ellenf\/wp-json\/wp\/v2\/media?parent=10950"}],"wp:term":[{"taxonomy":"category","embeddable":true,"href":"https:\/\/blogg.improveme.se\/ellenf\/wp-json\/wp\/v2\/categories?post=10950"},{"taxonomy":"post_tag","embeddable":true,"href":"https:\/\/blogg.improveme.se\/ellenf\/wp-json\/wp\/v2\/tags?post=10950"}],"curies":[{"name":"wp","href":"https:\/\/api.w.org\/{rel}","templated":true}]}}