{"id":11544,"date":"2013-01-29T13:42:40","date_gmt":"2013-01-29T12:42:40","guid":{"rendered":"http:\/\/www.ellenf.se\/?p=11544"},"modified":"2013-01-29T13:42:40","modified_gmt":"2013-01-29T12:42:40","slug":"good-news-2","status":"publish","type":"post","link":"https:\/\/blogg.improveme.se\/ellenf\/2013\/01\/29\/good-news-2\/","title":{"rendered":"G\u00e5r bra nu."},"content":{"rendered":"<p>Nu \u00e4r det klart att <strong><a href=\"http:\/\/eleven.se\/smile-lab-b733.html\">Smile lab<\/a><\/strong> kommer att vara med i aprils <a href=\"http:\/\/www.glossybox.se\/\"><strong>Glossybox<\/strong><\/a>! Alla ni som prenumererar kommer allts\u00e5 att f\u00e5 ett prov p\u00e5 den, vilket \u00e4r ett j\u00e4ttebra s\u00e4tt f\u00f6r oss att n\u00e5 ut till er sk\u00f6nhetsintresserade! Ut\u00f6ver det \u00e4r jag medarrang\u00f6r p\u00e5 tv\u00e5 shopping-event ihop med <strong>Walter Carvajal<\/strong> \u00e5t gallerian <a href=\"http:\/\/moodstockholm.se\/\"><strong>MOOD STOCKHOLM<\/strong><\/a> vilket \u00e4r fantastiskt roligt.jag kommer aldrig mer att jobba med nattklubbs-event, det \u00e4r s\u00e5 otacksamt. Folk osar och dyker sedan inte upp \u2013 och d\u00e5 kvittar det hur mycket man har arrangerat och planerat.<\/p>\n<p>Dessa tv\u00e5 happenings g\u00e5r av stapeln 7:e samt 14:e feb och det \u00e4r allts\u00e5\u00a0 sk\u00e4let till att jag \u00e5ker upp till Stockholm n\u00e4sta vecka. Mood vill ocks\u00e5 bjuda 20 utvalda stora bloggare\/bloggerskor p\u00e5 middag och idag sitter jag med att v\u00e4lja ut dessa&#8230;<\/p>\n<p>&nbsp;<\/p>\n<p><img loading=\"lazy\" decoding=\"async\" class=\"aligncenter size-full wp-image-11545\" src=\"http:\/\/www.ellenf.se\/wp-content\/media\/2013\/01\/Sk\u00e4rmavbild-2013-01-29-kl.-13.06.50.png\" alt=\"\" width=\"759\" height=\"573\" \/><\/p>\n<p>&nbsp;<\/p>\n","protected":false},"excerpt":{"rendered":"<p>Nu \u00e4r det klart att Smile lab kommer att vara med i aprils Glossybox! Alla ni som prenumererar kommer allts\u00e5 att f\u00e5 ett prov p\u00e5 den, vilket \u00e4r ett j\u00e4ttebra s\u00e4tt f\u00f6r oss att n\u00e5 ut till er sk\u00f6nhetsintresserade! Ut\u00f6ver det \u00e4r jag medarrang\u00f6r p\u00e5 tv\u00e5 shopping-event ihop med Walter Carvajal \u00e5t gallerian MOOD STOCKHOLM &#8230; <a title=\"G\u00e5r bra nu.\" class=\"read-more\" href=\"https:\/\/blogg.improveme.se\/ellenf\/2013\/01\/29\/good-news-2\/\" aria-label=\"L\u00e4s mer om G\u00e5r bra nu.\">L\u00e4s mer<\/a><\/p>\n","protected":false},"author":1,"featured_media":0,"comment_status":"open","ping_status":"closed","sticky":false,"template":"","format":"standard","meta":{"footnotes":""},"categories":[1],"tags":[],"class_list":["post-11544","post","type-post","status-publish","format-standard","hentry","category-okategoriserad"],"_links":{"self":[{"href":"https:\/\/blogg.improveme.se\/ellenf\/wp-json\/wp\/v2\/posts\/11544","targetHints":{"allow":["GET"]}}],"collection":[{"href":"https:\/\/blogg.improveme.se\/ellenf\/wp-json\/wp\/v2\/posts"}],"about":[{"href":"https:\/\/blogg.improveme.se\/ellenf\/wp-json\/wp\/v2\/types\/post"}],"author":[{"embeddable":true,"href":"https:\/\/blogg.improveme.se\/ellenf\/wp-json\/wp\/v2\/users\/1"}],"replies":[{"embeddable":true,"href":"https:\/\/blogg.improveme.se\/ellenf\/wp-json\/wp\/v2\/comments?post=11544"}],"version-history":[{"count":0,"href":"https:\/\/blogg.improveme.se\/ellenf\/wp-json\/wp\/v2\/posts\/11544\/revisions"}],"wp:attachment":[{"href":"https:\/\/blogg.improveme.se\/ellenf\/wp-json\/wp\/v2\/media?parent=11544"}],"wp:term":[{"taxonomy":"category","embeddable":true,"href":"https:\/\/blogg.improveme.se\/ellenf\/wp-json\/wp\/v2\/categories?post=11544"},{"taxonomy":"post_tag","embeddable":true,"href":"https:\/\/blogg.improveme.se\/ellenf\/wp-json\/wp\/v2\/tags?post=11544"}],"curies":[{"name":"wp","href":"https:\/\/api.w.org\/{rel}","templated":true}]}}