{"id":11561,"date":"2013-01-30T15:56:20","date_gmt":"2013-01-30T14:56:20","guid":{"rendered":"http:\/\/www.ellenf.se\/?p=11561"},"modified":"2013-01-30T15:56:20","modified_gmt":"2013-01-30T14:56:20","slug":"nytt-fran-elnett","status":"publish","type":"post","link":"https:\/\/blogg.improveme.se\/ellenf\/2013\/01\/30\/nytt-fran-elnett\/","title":{"rendered":"Nytt fr\u00e5n ELNETT!"},"content":{"rendered":"<p><img loading=\"lazy\" decoding=\"async\" class=\"alignleft size-full wp-image-11562\" src=\"http:\/\/www.ellenf.se\/wp-content\/media\/2013\/01\/product1.png\" alt=\"\" width=\"158\" height=\"519\" \/><\/p>\n<p>&nbsp;<\/p>\n<p>Tillh\u00f6r du dem som sv\u00e4r vid den guldiga klassikern <strong>Elnett<\/strong>? Nu ut\u00f6kas den guldiga Elnett-familjen med tv\u00e5 v\u00e4rmeskyddande sprayer: <strong>Elnett Heat Protect Styling Spray <\/strong>\u2013 utvecklad f\u00f6r att b\u00e5de styla och skydda! Produkterna inneh\u00e5ller xylose som sluter sig kring h\u00e5rfibern och t\u00e4cker den med en v\u00e4rmeskyddande film som varken syns eller k\u00e4nns. Sprayen kommer i tv\u00e5 versioner \u2013 en f\u00f6r rakt h\u00e5r och en f\u00f6r volym. B\u00e5da utlovar att motverkar fukt, flygigt samt frissigt h\u00e5r fo\u0308r en perfekt finish, som h\u00e5ller \u00e4nda till n\u00e4sta schamponering. Heat Protection- sprayerna har fin mikrofo\u0308rdelning, precis som de de klassiska h\u00e5rsprayerna .<\/p>\n<p>&nbsp;<\/p>\n<p><strong>Pris<\/strong>: 89 SEK<\/p>\n<p><span style=\"font-size: 10.5pt;font-family: 'Century Gothic','sans-serif'\"><br \/>\n<\/span><\/p>\n","protected":false},"excerpt":{"rendered":"<p>&nbsp; Tillh\u00f6r du dem som sv\u00e4r vid den guldiga klassikern Elnett? Nu ut\u00f6kas den guldiga Elnett-familjen med tv\u00e5 v\u00e4rmeskyddande sprayer: Elnett Heat Protect Styling Spray \u2013 utvecklad f\u00f6r att b\u00e5de styla och skydda! Produkterna inneh\u00e5ller xylose som sluter sig kring h\u00e5rfibern och t\u00e4cker den med en v\u00e4rmeskyddande film som varken syns eller k\u00e4nns. Sprayen kommer &#8230; <a title=\"Nytt fr\u00e5n ELNETT!\" class=\"read-more\" href=\"https:\/\/blogg.improveme.se\/ellenf\/2013\/01\/30\/nytt-fran-elnett\/\" aria-label=\"L\u00e4s mer om Nytt fr\u00e5n ELNETT!\">L\u00e4s mer<\/a><\/p>\n","protected":false},"author":1,"featured_media":0,"comment_status":"open","ping_status":"closed","sticky":false,"template":"","format":"standard","meta":{"footnotes":""},"categories":[1],"tags":[],"class_list":["post-11561","post","type-post","status-publish","format-standard","hentry","category-okategoriserad"],"_links":{"self":[{"href":"https:\/\/blogg.improveme.se\/ellenf\/wp-json\/wp\/v2\/posts\/11561","targetHints":{"allow":["GET"]}}],"collection":[{"href":"https:\/\/blogg.improveme.se\/ellenf\/wp-json\/wp\/v2\/posts"}],"about":[{"href":"https:\/\/blogg.improveme.se\/ellenf\/wp-json\/wp\/v2\/types\/post"}],"author":[{"embeddable":true,"href":"https:\/\/blogg.improveme.se\/ellenf\/wp-json\/wp\/v2\/users\/1"}],"replies":[{"embeddable":true,"href":"https:\/\/blogg.improveme.se\/ellenf\/wp-json\/wp\/v2\/comments?post=11561"}],"version-history":[{"count":0,"href":"https:\/\/blogg.improveme.se\/ellenf\/wp-json\/wp\/v2\/posts\/11561\/revisions"}],"wp:attachment":[{"href":"https:\/\/blogg.improveme.se\/ellenf\/wp-json\/wp\/v2\/media?parent=11561"}],"wp:term":[{"taxonomy":"category","embeddable":true,"href":"https:\/\/blogg.improveme.se\/ellenf\/wp-json\/wp\/v2\/categories?post=11561"},{"taxonomy":"post_tag","embeddable":true,"href":"https:\/\/blogg.improveme.se\/ellenf\/wp-json\/wp\/v2\/tags?post=11561"}],"curies":[{"name":"wp","href":"https:\/\/api.w.org\/{rel}","templated":true}]}}