{"id":13934,"date":"2013-06-05T10:39:21","date_gmt":"2013-06-05T09:39:21","guid":{"rendered":"http:\/\/www.ellenf.se\/?p=13934"},"modified":"2013-06-05T10:39:21","modified_gmt":"2013-06-05T09:39:21","slug":"l%c2%b4oreal-professionnel-sos-volume-spray","status":"publish","type":"post","link":"https:\/\/blogg.improveme.se\/ellenf\/2013\/06\/05\/l%c2%b4oreal-professionnel-sos-volume-spray\/","title":{"rendered":"L\u00b4OR\u00c9AL PROFESSIONNEL SOS Volume Spray"},"content":{"rendered":"<p><img loading=\"lazy\" decoding=\"async\" class=\"alignleft size-full wp-image-13935\" alt=\"L__039_Or_eacute_al_Professionnel_Serie_Expert_Volumetry_SOS_Volume_Spray_78ml_1365495260_main\" src=\"http:\/\/www.ellenf.se\/wp-content\/media\/2013\/06\/L__039_Or_eacute_al_Professionnel_Serie_Expert_Volumetry_SOS_Volume_Spray_78ml_1365495260_main.jpg\" width=\"314\" height=\"314\" \/><\/p>\n<p><strong>Doft &amp; Formula: <\/strong>Transparent spray med en n\u00e5got vitf\u00e4rgad finish och en svag doft.<strong><br \/>\n<\/strong><\/p>\n<p><strong>Utlovar: <\/strong>Dubbelverkade spray som snabbt reng\u00f6r en oljig h\u00e5rbotten samtidigt som den maximerar volymen. Perfekt storlek f\u00f6r handv\u00e4skan (78 ml). Bevarar h\u00e5rets fyllighet och volym hela dagen!<\/p>\n<p><strong>Resultat: <\/strong>Jag gillade inte alls L\u00b4Or\u00e9al Professionnels torrschampo <em>Fresh Dus<\/em>t s\u00e5 jag hade inte s\u00e5 h\u00f6ga f\u00f6rv\u00e4ntningar p\u00e5 denna produkt ur nya VOLUMETRY-serien.\u00a0 Jag blev minst sagt positivt \u00f6verraskad. H\u00e5ller allt den utlovar och ger b\u00e5de mycket volym och en nytv\u00e4ttad k\u00e4nsla. P\u00e5minner till formulan om min favvo i genren fr\u00e5n Bj\u00f6rn Ax\u00e9n, men utan den starka doften samt med en mildare, mer naturlig k\u00e4nsla. Som de flesta andra torrschampon ger den en svag vit nyans p\u00e5 h\u00e5ret \u2013 men som l\u00e4tt g\u00e5r bort med ett enda borst-tag. <strong><br \/>\n<\/strong><\/p>\n<p><strong>Pris:<\/strong> 159 SEK<\/p>\n<p><strong>Betyg:<\/strong> 5\/5<strong><br \/>\n<\/strong><\/p>\n","protected":false},"excerpt":{"rendered":"<p>Doft &amp; Formula: Transparent spray med en n\u00e5got vitf\u00e4rgad finish och en svag doft. Utlovar: Dubbelverkade spray som snabbt reng\u00f6r en oljig h\u00e5rbotten samtidigt som den maximerar volymen. Perfekt storlek f\u00f6r handv\u00e4skan (78 ml). Bevarar h\u00e5rets fyllighet och volym hela dagen! Resultat: Jag gillade inte alls L\u00b4Or\u00e9al Professionnels torrschampo Fresh Dust s\u00e5 jag hade inte &#8230; <a title=\"L\u00b4OR\u00c9AL PROFESSIONNEL SOS Volume Spray\" class=\"read-more\" href=\"https:\/\/blogg.improveme.se\/ellenf\/2013\/06\/05\/l%c2%b4oreal-professionnel-sos-volume-spray\/\" aria-label=\"L\u00e4s mer om L\u00b4OR\u00c9AL PROFESSIONNEL SOS Volume Spray\">L\u00e4s mer<\/a><\/p>\n","protected":false},"author":1,"featured_media":0,"comment_status":"open","ping_status":"closed","sticky":false,"template":"","format":"standard","meta":{"footnotes":""},"categories":[7],"tags":[],"class_list":["post-13934","post","type-post","status-publish","format-standard","hentry","category-ellen-testar"],"_links":{"self":[{"href":"https:\/\/blogg.improveme.se\/ellenf\/wp-json\/wp\/v2\/posts\/13934","targetHints":{"allow":["GET"]}}],"collection":[{"href":"https:\/\/blogg.improveme.se\/ellenf\/wp-json\/wp\/v2\/posts"}],"about":[{"href":"https:\/\/blogg.improveme.se\/ellenf\/wp-json\/wp\/v2\/types\/post"}],"author":[{"embeddable":true,"href":"https:\/\/blogg.improveme.se\/ellenf\/wp-json\/wp\/v2\/users\/1"}],"replies":[{"embeddable":true,"href":"https:\/\/blogg.improveme.se\/ellenf\/wp-json\/wp\/v2\/comments?post=13934"}],"version-history":[{"count":0,"href":"https:\/\/blogg.improveme.se\/ellenf\/wp-json\/wp\/v2\/posts\/13934\/revisions"}],"wp:attachment":[{"href":"https:\/\/blogg.improveme.se\/ellenf\/wp-json\/wp\/v2\/media?parent=13934"}],"wp:term":[{"taxonomy":"category","embeddable":true,"href":"https:\/\/blogg.improveme.se\/ellenf\/wp-json\/wp\/v2\/categories?post=13934"},{"taxonomy":"post_tag","embeddable":true,"href":"https:\/\/blogg.improveme.se\/ellenf\/wp-json\/wp\/v2\/tags?post=13934"}],"curies":[{"name":"wp","href":"https:\/\/api.w.org\/{rel}","templated":true}]}}