{"id":14612,"date":"2011-11-10T15:42:09","date_gmt":"2011-11-10T14:42:09","guid":{"rendered":"http:\/\/www.ellenf.se\/?p=1394"},"modified":"2011-11-10T15:42:09","modified_gmt":"2011-11-10T14:42:09","slug":"baltzarsgatan-26-malmo","status":"publish","type":"post","link":"https:\/\/blogg.improveme.se\/ellenf\/2011\/11\/10\/baltzarsgatan-26-malmo\/","title":{"rendered":"@ Baltzarsgatan 26, Malm\u00f6"},"content":{"rendered":"<p><img loading=\"lazy\" decoding=\"async\" class=\"aligncenter size-full wp-image-1395\" src=\"http:\/\/www.ellenf.se\/wp-content\/media\/2011\/11\/sture.jpg\" alt=\"\" width=\"1134\" height=\"968\" \/><\/p>\n<p>Jag har precis haft ett mycket trevligt samtal med klinikchefen p\u00e5 <a href=\"http:\/\/www.stureplanskliniken.se\/\">Stureplansklinikens<\/a> nya walk-in-klinik. Jag kommer publicera v\u00e5rt samtal senare ikv\u00e4ll, med mycket information om b\u00e5de denna klinik, Stureplansklinikens koncept i stort och nya behandlingstrender inom sk\u00f6nhetsindustrin. Som ni vet \u00e4r <strong>Fraxel<\/strong> den b\u00e4sta behandling jag har testat och nu ska jag pr\u00f6va p\u00e5 en s\u00e5dan behandling p\u00e5 denna klinik \u2013 f\u00f6r de linjer som under det senaste \u00e5ret har b\u00f6rjat framtr\u00e4da under mina \u00f6gon. Hoppas p\u00e5 ett lika bra resultat som n\u00e4r jag behandlade \u00f6gonlocken.<\/p>\n<p>Behandlingen kommer att ske n\u00e4sta torsdag, den 17:e (15.30) s\u00e5 om n\u00e5gon av mina l\u00e4sare i Malm\u00f6 med omnejd vill f\u00f6lja med och f\u00e5 en konsultation (eller se hur jag ser ut efter behandlingen) eller bara ta en fika, \u00e4r ni v\u00e4lkomna att h\u00f6ra av er till mig.<\/p>\n<p>Jag har ju skrivit mycket om <strong>Fraxel<\/strong> i min blogg men h\u00e4r \u00e4r Stureplansklinikens egna ord:<\/p>\n<p><em>Fraxellaser \u00e4r ett genombrott inom estetisk laserbehandling f\u00f6r att f\u00f6ryngra och reparera huden. Till skillnad fr\u00e5n traditionell laserslipning som skalar av huden ger Fraxellaser en miljon mikroskopiska behandlingspunkter omgivna av or\u00f6rd hud. L\u00e4kningen g\u00e5r snabbt. Man utnyttjar kroppens naturliga l\u00e4kningsprocesser f\u00f6r att skapa ny friskare och mer elastisk hud. Varje laserpunkt eliminerar gamla pigmenterade hudceller fr\u00e5n ytan men n\u00e5r ocks\u00e5 djupt ner i huden. D\u00e4r stimulerar Fraxellasern till kollagennybildning och \u00f6kad elasticitet vilket resulterar i huduppstramning, skin tightening. Vid varje behandling kan 12-20% av hudytan behandlas. Vid Fraxellaserbehandling g\u00f6r vi oftast 3- 5 behandlingar med en m\u00e5nads mellanrum vilket ger kraftfulla resultat med ett minimum av konvalescens. Fraxellaser \u00e4r en behandlingsm\u00f6jlighet f\u00f6r \u00e5ldrad eller solskadad hud och ger fantastiska resultat p\u00e5 \u00e5ldersfl\u00e4ckar, solfl\u00e4ckar, linjer, rynkor, hudbristningar, \u00e4rr och acne\u00e4rr. F\u00f6rutom ansikte kan man behandla hals, decolletage och h\u00e4nder med Fraxellaser. <\/em><\/p>\n<p>Jag kommer\u00a0 att l\u00e4gga upp f\u00f6re- och efterbilder p\u00e5 mig sj\u00e4lv, men ska \u00e4ven f\u00f6rs\u00f6ka f\u00e5 tag p\u00e5 bilder fr\u00e5n tidigare patienter s\u00e5 att ni kan f\u00e5 se lite olika resultat. Det beror p\u00e5 lite vad l\u00e4karen s\u00e4ger man jag planerar\u00a0 att hinna med 2 fraxelbehandlingar och efter det en IPL-behandling precis innan br\u00f6llopet f\u00f6r att f\u00e5 fram hudens lyster. Jag vill ju ha str\u00e5lande hy p\u00e5 min br\u00f6llopsdag i mitten av januari!<\/p>\n<p>&nbsp;<\/p>\n","protected":false},"excerpt":{"rendered":"<p>Jag har precis haft ett mycket trevligt samtal med klinikchefen p\u00e5 Stureplansklinikens nya walk-in-klinik. Jag kommer publicera v\u00e5rt samtal senare ikv\u00e4ll, med mycket information om b\u00e5de denna klinik, Stureplansklinikens koncept i stort och nya behandlingstrender inom sk\u00f6nhetsindustrin. Som ni vet \u00e4r Fraxel den b\u00e4sta behandling jag har testat och nu ska jag pr\u00f6va p\u00e5 en &#8230; <a title=\"@ Baltzarsgatan 26, Malm\u00f6\" class=\"read-more\" href=\"https:\/\/blogg.improveme.se\/ellenf\/2011\/11\/10\/baltzarsgatan-26-malmo\/\" aria-label=\"L\u00e4s mer om @ Baltzarsgatan 26, Malm\u00f6\">L\u00e4s mer<\/a><\/p>\n","protected":false},"author":1,"featured_media":0,"comment_status":"open","ping_status":"closed","sticky":false,"template":"","format":"standard","meta":{"footnotes":""},"categories":[1],"tags":[],"class_list":["post-14612","post","type-post","status-publish","format-standard","hentry","category-okategoriserad"],"_links":{"self":[{"href":"https:\/\/blogg.improveme.se\/ellenf\/wp-json\/wp\/v2\/posts\/14612","targetHints":{"allow":["GET"]}}],"collection":[{"href":"https:\/\/blogg.improveme.se\/ellenf\/wp-json\/wp\/v2\/posts"}],"about":[{"href":"https:\/\/blogg.improveme.se\/ellenf\/wp-json\/wp\/v2\/types\/post"}],"author":[{"embeddable":true,"href":"https:\/\/blogg.improveme.se\/ellenf\/wp-json\/wp\/v2\/users\/1"}],"replies":[{"embeddable":true,"href":"https:\/\/blogg.improveme.se\/ellenf\/wp-json\/wp\/v2\/comments?post=14612"}],"version-history":[{"count":0,"href":"https:\/\/blogg.improveme.se\/ellenf\/wp-json\/wp\/v2\/posts\/14612\/revisions"}],"wp:attachment":[{"href":"https:\/\/blogg.improveme.se\/ellenf\/wp-json\/wp\/v2\/media?parent=14612"}],"wp:term":[{"taxonomy":"category","embeddable":true,"href":"https:\/\/blogg.improveme.se\/ellenf\/wp-json\/wp\/v2\/categories?post=14612"},{"taxonomy":"post_tag","embeddable":true,"href":"https:\/\/blogg.improveme.se\/ellenf\/wp-json\/wp\/v2\/tags?post=14612"}],"curies":[{"name":"wp","href":"https:\/\/api.w.org\/{rel}","templated":true}]}}