{"id":14639,"date":"2011-11-17T19:43:03","date_gmt":"2011-11-17T18:43:03","guid":{"rendered":"http:\/\/www.ellenf.se\/?p=1548"},"modified":"2011-11-17T19:43:03","modified_gmt":"2011-11-17T18:43:03","slug":"purple-eyes","status":"publish","type":"post","link":"https:\/\/blogg.improveme.se\/ellenf\/2011\/11\/17\/purple-eyes\/","title":{"rendered":"Purple Eyes!"},"content":{"rendered":"<p>&nbsp;<\/p>\n<p><img loading=\"lazy\" decoding=\"async\" class=\"alignleft size-full wp-image-1550\" src=\"http:\/\/www.ellenf.se\/wp-content\/media\/2011\/11\/D10202134040_1.jpg\" alt=\"\" width=\"183\" height=\"117\" \/>Jag \u00e4lskar m\u00f6rkbl\u00e5 och violetta \u00f6gon. Min mormor hade riktiga <strong>Elizabeth Taylor-<\/strong>\u00f6gon. Jag har ju gr\u00f6na\u00f6gon, vilket jag \u00e4r v\u00e4ldigt n\u00f6jd med eftersom det \u00e4r den ovanligaste \u00f6gonf\u00e4rgen. \u00a0D\u00e4remot \u00e4r det roligt med omv\u00e4xling. Jag har testa de flesta olika f\u00e4rger och idag best\u00e4llde jag\u00a0<strong>Expressions Accents Violet <\/strong>fr\u00e5n <strong><a href=\"http:\/\/www.fargadelinser.com\/index.php\">F\u00e4rgade Linser.com<\/a><\/strong>. Ger en naturlig f\u00e4rgf\u00f6r\u00e4ndring och passar p\u00e5 ljusa \u00f6gon. Just nu \u00e4r de nedsatta fr\u00e5n 269 till 196 SEK (f\u00f6r 1 par), s\u00e5 jag passade p\u00e5. Leveranstid \u00e4r 1-2 dagar.<\/p>\n<p>&nbsp;<\/p>\n<p><img loading=\"lazy\" decoding=\"async\" src=\"http:\/\/www.fargadelinser.com\/images\/lila_linser.jpg\" alt=\"\" width=\"390\" height=\"225\" border=\"0\" \/><\/p>\n<p><strong><br \/>\n<\/strong><\/p>\n","protected":false},"excerpt":{"rendered":"<p>&nbsp; Jag \u00e4lskar m\u00f6rkbl\u00e5 och violetta \u00f6gon. Min mormor hade riktiga Elizabeth Taylor-\u00f6gon. Jag har ju gr\u00f6na\u00f6gon, vilket jag \u00e4r v\u00e4ldigt n\u00f6jd med eftersom det \u00e4r den ovanligaste \u00f6gonf\u00e4rgen. \u00a0D\u00e4remot \u00e4r det roligt med omv\u00e4xling. Jag har testa de flesta olika f\u00e4rger och idag best\u00e4llde jag\u00a0Expressions Accents Violet fr\u00e5n F\u00e4rgade Linser.com. Ger en naturlig f\u00e4rgf\u00f6r\u00e4ndring &#8230; <a title=\"Purple Eyes!\" class=\"read-more\" href=\"https:\/\/blogg.improveme.se\/ellenf\/2011\/11\/17\/purple-eyes\/\" aria-label=\"L\u00e4s mer om Purple Eyes!\">L\u00e4s mer<\/a><\/p>\n","protected":false},"author":1,"featured_media":0,"comment_status":"open","ping_status":"closed","sticky":false,"template":"","format":"standard","meta":{"footnotes":""},"categories":[1],"tags":[],"class_list":["post-14639","post","type-post","status-publish","format-standard","hentry","category-okategoriserad"],"_links":{"self":[{"href":"https:\/\/blogg.improveme.se\/ellenf\/wp-json\/wp\/v2\/posts\/14639","targetHints":{"allow":["GET"]}}],"collection":[{"href":"https:\/\/blogg.improveme.se\/ellenf\/wp-json\/wp\/v2\/posts"}],"about":[{"href":"https:\/\/blogg.improveme.se\/ellenf\/wp-json\/wp\/v2\/types\/post"}],"author":[{"embeddable":true,"href":"https:\/\/blogg.improveme.se\/ellenf\/wp-json\/wp\/v2\/users\/1"}],"replies":[{"embeddable":true,"href":"https:\/\/blogg.improveme.se\/ellenf\/wp-json\/wp\/v2\/comments?post=14639"}],"version-history":[{"count":0,"href":"https:\/\/blogg.improveme.se\/ellenf\/wp-json\/wp\/v2\/posts\/14639\/revisions"}],"wp:attachment":[{"href":"https:\/\/blogg.improveme.se\/ellenf\/wp-json\/wp\/v2\/media?parent=14639"}],"wp:term":[{"taxonomy":"category","embeddable":true,"href":"https:\/\/blogg.improveme.se\/ellenf\/wp-json\/wp\/v2\/categories?post=14639"},{"taxonomy":"post_tag","embeddable":true,"href":"https:\/\/blogg.improveme.se\/ellenf\/wp-json\/wp\/v2\/tags?post=14639"}],"curies":[{"name":"wp","href":"https:\/\/api.w.org\/{rel}","templated":true}]}}