{"id":14652,"date":"2011-11-21T14:40:47","date_gmt":"2011-11-21T13:40:47","guid":{"rendered":"http:\/\/www.ellenf.se\/?p=1625"},"modified":"2011-11-21T14:40:47","modified_gmt":"2011-11-21T13:40:47","slug":"fab-week","status":"publish","type":"post","link":"https:\/\/blogg.improveme.se\/ellenf\/2011\/11\/21\/fab-week\/","title":{"rendered":"Fab week!"},"content":{"rendered":"<p><img loading=\"lazy\" decoding=\"async\" class=\"alignleft size-full wp-image-1626\" src=\"http:\/\/www.ellenf.se\/wp-content\/media\/2011\/11\/Ska%CC%88rmavbild-2011-11-21-kl.-14.29.30.png\" alt=\"\" width=\"297\" height=\"331\" \/>Den h\u00e4r veckan ser ut att bli riktigt bra! Jag har f\u00e5tt in mycket frilansuppdrag och jobbar heltid fram tills torsdag. P\u00e5 torsdag kv\u00e4ll \u00e5ker vi upp till Stockholm f\u00f6r att bo hos Christians mamma \u00f6ver helgen. P\u00e5 fredagen \u00e4r\u00a0 det presslunch och sedan ska jag p\u00e5 ett mission att hitta en tiara till mitt br\u00f6llop. Den jag best\u00e4llde p\u00e5 n\u00e4tet passade inte s\u00e5 jag ska prova ut en i butik denna g\u00e5ng. P\u00e5 l\u00f6rdagen \u00e4r det sk\u00f6nhetsm\u00e4ssa i Kista f\u00f6ljt av 40-\u00e5rs firande av fina<strong> Raul Blanco<\/strong>, vilket \u00e4r den egentliga orsaken till att vi \u00e5ker upp. Det h\u00e4nder faktiskt bara en g\u00e5ng per liv, s\u00e5 jag vill absolut inte missa det! \u00c4ven fast jag har blivit n\u00e4rmare v\u00e4n med <strong>Frida<\/strong>, Rauls flickv\u00e4n, var Raul en av de f\u00f6rsta personer jag tr\u00e4ffade i Stockholm n\u00e4r jag flyttade hit. Och han var en av f\u00e5 utvalda g\u00e4ster p\u00e5 min 30-\u00e5rs fest p\u00e5 <strong>DiVino<\/strong> i Stockholm f\u00f6r fyra \u00e5r sedan.<\/p>\n","protected":false},"excerpt":{"rendered":"<p>Den h\u00e4r veckan ser ut att bli riktigt bra! Jag har f\u00e5tt in mycket frilansuppdrag och jobbar heltid fram tills torsdag. P\u00e5 torsdag kv\u00e4ll \u00e5ker vi upp till Stockholm f\u00f6r att bo hos Christians mamma \u00f6ver helgen. P\u00e5 fredagen \u00e4r\u00a0 det presslunch och sedan ska jag p\u00e5 ett mission att hitta en tiara till mitt &#8230; <a title=\"Fab week!\" class=\"read-more\" href=\"https:\/\/blogg.improveme.se\/ellenf\/2011\/11\/21\/fab-week\/\" aria-label=\"L\u00e4s mer om Fab week!\">L\u00e4s mer<\/a><\/p>\n","protected":false},"author":1,"featured_media":0,"comment_status":"open","ping_status":"closed","sticky":false,"template":"","format":"standard","meta":{"footnotes":""},"categories":[1],"tags":[],"class_list":["post-14652","post","type-post","status-publish","format-standard","hentry","category-okategoriserad"],"_links":{"self":[{"href":"https:\/\/blogg.improveme.se\/ellenf\/wp-json\/wp\/v2\/posts\/14652","targetHints":{"allow":["GET"]}}],"collection":[{"href":"https:\/\/blogg.improveme.se\/ellenf\/wp-json\/wp\/v2\/posts"}],"about":[{"href":"https:\/\/blogg.improveme.se\/ellenf\/wp-json\/wp\/v2\/types\/post"}],"author":[{"embeddable":true,"href":"https:\/\/blogg.improveme.se\/ellenf\/wp-json\/wp\/v2\/users\/1"}],"replies":[{"embeddable":true,"href":"https:\/\/blogg.improveme.se\/ellenf\/wp-json\/wp\/v2\/comments?post=14652"}],"version-history":[{"count":0,"href":"https:\/\/blogg.improveme.se\/ellenf\/wp-json\/wp\/v2\/posts\/14652\/revisions"}],"wp:attachment":[{"href":"https:\/\/blogg.improveme.se\/ellenf\/wp-json\/wp\/v2\/media?parent=14652"}],"wp:term":[{"taxonomy":"category","embeddable":true,"href":"https:\/\/blogg.improveme.se\/ellenf\/wp-json\/wp\/v2\/categories?post=14652"},{"taxonomy":"post_tag","embeddable":true,"href":"https:\/\/blogg.improveme.se\/ellenf\/wp-json\/wp\/v2\/tags?post=14652"}],"curies":[{"name":"wp","href":"https:\/\/api.w.org\/{rel}","templated":true}]}}