{"id":14708,"date":"2011-12-04T05:20:55","date_gmt":"2011-12-04T04:20:55","guid":{"rendered":"http:\/\/www.ellenf.se\/?p=1945"},"modified":"2011-12-04T05:20:55","modified_gmt":"2011-12-04T04:20:55","slug":"god-has-given-you-one-face","status":"publish","type":"post","link":"https:\/\/blogg.improveme.se\/ellenf\/2011\/12\/04\/god-has-given-you-one-face\/","title":{"rendered":"God has given you one face&#8230;"},"content":{"rendered":"<p><img loading=\"lazy\" decoding=\"async\" class=\"alignleft size-full wp-image-1946\" src=\"http:\/\/www.ellenf.se\/wp-content\/media\/2011\/12\/121176.jpg\" alt=\"\" width=\"343\" height=\"469\" \/><\/p>\n<p><em>&#8230; and you make yourself another. &#8211;<\/em>William Shakespeare<\/p>\n<p>Om man inte gillar den man \u00e4r kan man alltid f\u00f6r\u00e4ndra sig sj\u00e4lv. Bli en b\u00e4ttre m\u00e4nniska, g\u00e5 ner i vikt, operera sin n\u00e4sa eller byta karri\u00e4r. Det \u00e4r n\u00e4stan v\u00e4rre n\u00e4r man gillar den man \u00e4r men k\u00e4nner att man inte kan vara sig sj\u00e4lv. S\u00e5 har jag k\u00e4nt ibland och det \u00e4r den v\u00e4rsta k\u00e4nslan f\u00f6r en individualist. \u00a0Jag minns fortfarande n\u00e4r jag gick i grundskolan och mina f\u00f6r\u00e4ldrar inte l\u00e4t mig fira Lucia i skolan p.g.a deras religion. Det \u00e4r inte direkt traumatiskt att inte f\u00e5 fira h\u00f6gtider, det jobbiga var var att <em>jag<\/em> skulle beh\u00f6va f\u00f6rklara orsaken, d\u00e5 jag sj\u00e4lv inte hade gjort valet. Precis som att beh\u00f6va f\u00f6rsvara en pojkv\u00e4n inf\u00f6r sina v\u00e4nner, om man egentligen tycker att det \u00e4r han som har gjort fel. Jag minns ocks\u00e5 situationer i mitt liv d\u00e5 jag har valt att sv\u00e4lja min stolthet och g\u00e5tt emot mina principer f\u00f6r att undvika konflikter. Jag tror aldrig att s\u00e5dant l\u00f6nar sig i l\u00e4ngden.<\/p>\n<p>Andra yttre omst\u00e4ndigheter kan ocks\u00e5 g\u00f6ra det sv\u00e5rt att vara sig sj\u00e4lv. Jag \u00e4r exempelvis en extremt gener\u00f6s person men har p.g.a ekonomiska f\u00f6ruts\u00e4ttningar inte kunnat vara det under vissa perioder. Jag kan \u00e4ven m\u00e5 d\u00e5ligt \u00f6ver att jag k\u00e4nner att jag har blivit &#8221;tr\u00e5kigare&#8221; och att jag ur den aspekten har blivit n\u00e5gon annan. Jag tror iofs inte ens att jag skulle <em>kunna <\/em>bli en Svensson om jag s\u00e5 anstr\u00e4ngde mig men \u00a0jag beh\u00f6vde bo i en mindre stad, utan ett partyliv att tala om, f\u00f6r att f\u00e5 lite rutin i mitt liv. Och vad \u00e4r det f\u00f6rsta jobb jag blir erbjuden i V\u00e4xj\u00f6? Mingelreporter s\u00e5 klart.<\/p>\n<p>Christian har nog f\u00f6r\u00e4ndrat sitt liv \u00e4nnu mer \u00e4n jag har gjort. F\u00f6rutom att l\u00e4gga ner sin mycket v\u00e4lbes\u00f6kta Finest-blogg har han bytt egenf\u00f6retagande med sovmorgnar och vinluncher i solen mot kontorstider och hemmakv\u00e4llar i Sverige. Christian menar sj\u00e4lv att han inte har m\u00e5tt b\u00e4ttre p\u00e5 m\u00e5nga \u00e5r.<\/p>\n<p>Hade jag &amp; C haft bra karakt\u00e4r fr\u00e5n b\u00f6rjan hade vi inte varit i en situation d\u00e5 vi beh\u00f6vde \u00e4ndra p\u00e5 milj\u00f6 och yttre omst\u00e4ndigheter men det \u00e4r viktigare att ha sj\u00e4lvinsikt. Det \u00e4r\u00a0sv\u00e5rt f\u00f6r mig att hitta en niv\u00e5 d\u00e4r jag kan kan vara mig sj\u00e4lv, impulsiv och lite excentrisk, men \u00e4nd\u00e5 \u00e4ga trygghet och stabilitet. Jag har alltid gillat V\u00e4xj\u00f6 men det k\u00e4nns \u00e4nd\u00e5 inte som slutdestinationen. Dr\u00f6mmen \u00e4r att bo i USA eller Canada och d\u00e5 jag inte gillar att backtracka kan jag definitivt inte t\u00e4nka mig Malta eller Stockholm igen. Finns stora f\u00f6rdelar med b\u00e5da men ocks\u00e5 en anledning till att jag flyttade d\u00e4rifr\u00e5n.<\/p>\n<p>Vissa beh\u00f6ver l\u00e4ra sig att v\u00e5ga mer och ta risker. Andra, som jag, beh\u00f6ver l\u00e4ra sig att v\u00e5ga stanna upp och tappa bollen.<\/p>\n<p>&nbsp;<\/p>\n","protected":false},"excerpt":{"rendered":"<p>&#8230; and you make yourself another. &#8211;William Shakespeare Om man inte gillar den man \u00e4r kan man alltid f\u00f6r\u00e4ndra sig sj\u00e4lv. Bli en b\u00e4ttre m\u00e4nniska, g\u00e5 ner i vikt, operera sin n\u00e4sa eller byta karri\u00e4r. Det \u00e4r n\u00e4stan v\u00e4rre n\u00e4r man gillar den man \u00e4r men k\u00e4nner att man inte kan vara sig sj\u00e4lv. S\u00e5 &#8230; <a title=\"God has given you one face&#8230;\" class=\"read-more\" href=\"https:\/\/blogg.improveme.se\/ellenf\/2011\/12\/04\/god-has-given-you-one-face\/\" aria-label=\"L\u00e4s mer om God has given you one face&#8230;\">L\u00e4s mer<\/a><\/p>\n","protected":false},"author":1,"featured_media":0,"comment_status":"open","ping_status":"closed","sticky":false,"template":"","format":"standard","meta":{"footnotes":""},"categories":[1],"tags":[],"class_list":["post-14708","post","type-post","status-publish","format-standard","hentry","category-okategoriserad"],"_links":{"self":[{"href":"https:\/\/blogg.improveme.se\/ellenf\/wp-json\/wp\/v2\/posts\/14708","targetHints":{"allow":["GET"]}}],"collection":[{"href":"https:\/\/blogg.improveme.se\/ellenf\/wp-json\/wp\/v2\/posts"}],"about":[{"href":"https:\/\/blogg.improveme.se\/ellenf\/wp-json\/wp\/v2\/types\/post"}],"author":[{"embeddable":true,"href":"https:\/\/blogg.improveme.se\/ellenf\/wp-json\/wp\/v2\/users\/1"}],"replies":[{"embeddable":true,"href":"https:\/\/blogg.improveme.se\/ellenf\/wp-json\/wp\/v2\/comments?post=14708"}],"version-history":[{"count":0,"href":"https:\/\/blogg.improveme.se\/ellenf\/wp-json\/wp\/v2\/posts\/14708\/revisions"}],"wp:attachment":[{"href":"https:\/\/blogg.improveme.se\/ellenf\/wp-json\/wp\/v2\/media?parent=14708"}],"wp:term":[{"taxonomy":"category","embeddable":true,"href":"https:\/\/blogg.improveme.se\/ellenf\/wp-json\/wp\/v2\/categories?post=14708"},{"taxonomy":"post_tag","embeddable":true,"href":"https:\/\/blogg.improveme.se\/ellenf\/wp-json\/wp\/v2\/tags?post=14708"}],"curies":[{"name":"wp","href":"https:\/\/api.w.org\/{rel}","templated":true}]}}