{"id":14726,"date":"2011-12-08T10:26:32","date_gmt":"2011-12-08T09:26:32","guid":{"rendered":"http:\/\/www.ellenf.se\/?p=2057"},"modified":"2011-12-08T10:26:32","modified_gmt":"2011-12-08T09:26:32","slug":"du-far-vad-du-fortjanar","status":"publish","type":"post","link":"https:\/\/blogg.improveme.se\/ellenf\/2011\/12\/08\/du-far-vad-du-fortjanar\/","title":{"rendered":"Du f\u00e5r vad du f\u00f6rtj\u00e4nar?"},"content":{"rendered":"<p>Jag gillade verkligen denna lite speciella julh\u00e4lsning fr\u00e5n <strong>Skugge &amp; Co<\/strong>. Sedan kan man ju diskutera vad f\u00f6rtj\u00e4nar inneb\u00e4r. Vissa kan bli lite l\u00e4tt desperata i sin kamp efter uppm\u00e4rksamhet. Jag g\u00e5r g\u00e4rna p\u00e5 event, men ni ser inte mig l\u00e5na en unge fr\u00e5n en bekant jag knappt k\u00e4nner f\u00f6r att kunna g\u00e5 p\u00e5 en k\u00e4ndispremi\u00e4r av en barnfilm. Jag och C har s\u00e5dana personer i v\u00e5r bekantskapskrets och det blir l\u00e4tt lite komiskt. Eller vad s\u00e4ger ni? Du blir ju dessutom en mycket mer exklusiv g\u00e4st om du bara g\u00e5r p\u00e5 event som har n\u00e5got med dig eller din blogg\/ditt k\u00e4ndisskap att g\u00f6ra.<\/p>\n<p>8.34 g\u00e5r mitt t\u00e5g till Stockholm i morgon. \u00a0Mitt f\u00f6rsta stopp blir Aspudden och <strong><a href=\"http:\/\/www.violettskonhet.se\/index.php?id=2\">Violett Sk\u00f6nhetssalong<\/a>\u00a0<\/strong>f\u00f6r fotv\u00e5rd och salongsinpackning fr\u00e5n <strong>Kerastase<\/strong>. Jag hade egentligen bokat in en tid f\u00f6r att s\u00e4tta i nya extensions men mitt h\u00e5r beh\u00f6vde lite extra vila och n\u00e4ring inf\u00f6r br\u00f6llopet, s\u00e5 det f\u00e5r bli till jul ist\u00e4llet. Ska plocka ihop tre goodiebags nu \u2013 till Alexis och Jessie som jag ska bo hos denna helg och till Jenny p\u00e5 Violett som r\u00e4ddar mitt h\u00e5r. De f\u00e5r vad de f\u00f6rtj\u00e4nar helt enkelt.<\/p>\n<p>&nbsp;<\/p>\n<p><span style=\"font-size: small\"><span class=\"Apple-style-span\" style=\"font-size: 12px;line-height: 18px\"><img loading=\"lazy\" decoding=\"async\" class=\"aligncenter size-full wp-image-2060\" src=\"http:\/\/www.ellenf.se\/wp-content\/media\/2011\/12\/Julkort-fr\u00e5n-Skuggeco.jpg\" alt=\"\" width=\"1748\" height=\"2480\" \/><br \/>\n<\/span><\/span><\/p>\n","protected":false},"excerpt":{"rendered":"<p>Jag gillade verkligen denna lite speciella julh\u00e4lsning fr\u00e5n Skugge &amp; Co. Sedan kan man ju diskutera vad f\u00f6rtj\u00e4nar inneb\u00e4r. Vissa kan bli lite l\u00e4tt desperata i sin kamp efter uppm\u00e4rksamhet. Jag g\u00e5r g\u00e4rna p\u00e5 event, men ni ser inte mig l\u00e5na en unge fr\u00e5n en bekant jag knappt k\u00e4nner f\u00f6r att kunna g\u00e5 p\u00e5 en &#8230; <a title=\"Du f\u00e5r vad du f\u00f6rtj\u00e4nar?\" class=\"read-more\" href=\"https:\/\/blogg.improveme.se\/ellenf\/2011\/12\/08\/du-far-vad-du-fortjanar\/\" aria-label=\"L\u00e4s mer om Du f\u00e5r vad du f\u00f6rtj\u00e4nar?\">L\u00e4s mer<\/a><\/p>\n","protected":false},"author":1,"featured_media":0,"comment_status":"open","ping_status":"closed","sticky":false,"template":"","format":"standard","meta":{"footnotes":""},"categories":[1],"tags":[],"class_list":["post-14726","post","type-post","status-publish","format-standard","hentry","category-okategoriserad"],"_links":{"self":[{"href":"https:\/\/blogg.improveme.se\/ellenf\/wp-json\/wp\/v2\/posts\/14726","targetHints":{"allow":["GET"]}}],"collection":[{"href":"https:\/\/blogg.improveme.se\/ellenf\/wp-json\/wp\/v2\/posts"}],"about":[{"href":"https:\/\/blogg.improveme.se\/ellenf\/wp-json\/wp\/v2\/types\/post"}],"author":[{"embeddable":true,"href":"https:\/\/blogg.improveme.se\/ellenf\/wp-json\/wp\/v2\/users\/1"}],"replies":[{"embeddable":true,"href":"https:\/\/blogg.improveme.se\/ellenf\/wp-json\/wp\/v2\/comments?post=14726"}],"version-history":[{"count":0,"href":"https:\/\/blogg.improveme.se\/ellenf\/wp-json\/wp\/v2\/posts\/14726\/revisions"}],"wp:attachment":[{"href":"https:\/\/blogg.improveme.se\/ellenf\/wp-json\/wp\/v2\/media?parent=14726"}],"wp:term":[{"taxonomy":"category","embeddable":true,"href":"https:\/\/blogg.improveme.se\/ellenf\/wp-json\/wp\/v2\/categories?post=14726"},{"taxonomy":"post_tag","embeddable":true,"href":"https:\/\/blogg.improveme.se\/ellenf\/wp-json\/wp\/v2\/tags?post=14726"}],"curies":[{"name":"wp","href":"https:\/\/api.w.org\/{rel}","templated":true}]}}